
{"id":7964,"date":"2011-08-29T22:11:46","date_gmt":"2011-08-30T01:11:46","guid":{"rendered":"http:\/\/www.sudoestehoje.com.br\/novoportal\/?p=7964"},"modified":"2011-08-29T22:25:22","modified_gmt":"2011-08-30T01:25:22","slug":"o-bicho-ta-solto","status":"publish","type":"post","link":"https:\/\/www.sudoestehoje.com.br\/novoportal\/2011\/08\/29\/o-bicho-ta-solto\/","title":{"rendered":"O BICHO T\u00c1 SOLTO!"},"content":{"rendered":"<p><a href=\"http:\/\/www.sudoestehoje.com.br\/novoportal\/wp-content\/uploads\/2011\/08\/100_6251.jpg\"><img loading=\"lazy\" decoding=\"async\" class=\"aligncenter size-medium wp-image-7965\" title=\"100_6251\" src=\"http:\/\/www.sudoestehoje.com.br\/novoportal\/wp-content\/uploads\/2011\/08\/100_6251-500x375.jpg\" alt=\"\" width=\"500\" height=\"375\" srcset=\"https:\/\/www.sudoestehoje.com.br\/novoportal\/wp-content\/uploads\/2011\/08\/100_6251-500x375.jpg 500w, https:\/\/www.sudoestehoje.com.br\/novoportal\/wp-content\/uploads\/2011\/08\/100_6251-1024x768.jpg 1024w\" sizes=\"auto, (max-width: 500px) 100vw, 500px\" \/><\/a><\/p>\n<p style=\"text-align: left;\">Estes dois carneiros pastaram no jardim da prefeitura, na manh\u00e3 desta segunda-feira, mas foram &#8216;<em>tocados<\/em>&#8216; para a rua Maria Quit\u00e9ria (lateral do forum), por funcion\u00e1rios da pr\u00f3pria prefeitura. Alheios aos desacertos da administra\u00e7\u00e3o, os nossos ilustres visitantes continuaram dando um &#8216;rol\u00ea&#8217; pela cidade, sem serem molestados por ningu\u00e9m.<\/p>\n<p><a href=\"http:\/\/www.sudoestehoje.com.br\/novoportal\/wp-content\/uploads\/2011\/08\/100_6252.jpg\"><img loading=\"lazy\" decoding=\"async\" class=\"aligncenter size-medium wp-image-7966\" title=\"100_6252\" src=\"http:\/\/www.sudoestehoje.com.br\/novoportal\/wp-content\/uploads\/2011\/08\/100_6252-500x375.jpg\" alt=\"\" width=\"500\" height=\"375\" srcset=\"https:\/\/www.sudoestehoje.com.br\/novoportal\/wp-content\/uploads\/2011\/08\/100_6252-500x375.jpg 500w, https:\/\/www.sudoestehoje.com.br\/novoportal\/wp-content\/uploads\/2011\/08\/100_6252-1024x768.jpg 1024w\" sizes=\"auto, (max-width: 500px) 100vw, 500px\" \/><\/a><\/p>\n<p style=\"text-align: left;\">J\u00e1 em frente \u00e0 UESB, em plena rodovia, uma crian\u00e7a cuida dos cavalos, tamb\u00e9m alheio aos perigos que os <em>burros<\/em> e <em>cavalos<\/em> podem representar, quando est\u00e3o no lugar errado. E o Derba ainda queima as pestanas com os barraqueiros da Azal\u00e9ia&#8230; Quem entende essa gente?<\/p>\n","protected":false},"excerpt":{"rendered":"<p>Estes dois carneiros pastaram no jardim da prefeitura, na manh\u00e3 desta segunda-feira, mas foram &#8216;tocados&#8216; para a rua Maria Quit\u00e9ria (lateral do forum), por funcion\u00e1rios da pr\u00f3pria prefeitura. Alheios aos desacertos da administra\u00e7\u00e3o, os nossos ilustres visitantes continuaram dando um &#8216;rol\u00ea&#8217; pela cidade, sem serem molestados por ningu\u00e9m. J\u00e1 em frente \u00e0 UESB, em plena [&hellip;]<\/p>\n","protected":false},"author":2,"featured_media":0,"comment_status":"open","ping_status":"open","sticky":false,"template":"","format":"standard","meta":{"footnotes":"","_links_to":"","_links_to_target":""},"categories":[1],"tags":[],"class_list":["post-7964","post","type-post","status-publish","format-standard","hentry","category-geral"],"views":1975,"_links":{"self":[{"href":"https:\/\/www.sudoestehoje.com.br\/novoportal\/wp-json\/wp\/v2\/posts\/7964","targetHints":{"allow":["GET"]}}],"collection":[{"href":"https:\/\/www.sudoestehoje.com.br\/novoportal\/wp-json\/wp\/v2\/posts"}],"about":[{"href":"https:\/\/www.sudoestehoje.com.br\/novoportal\/wp-json\/wp\/v2\/types\/post"}],"author":[{"embeddable":true,"href":"https:\/\/www.sudoestehoje.com.br\/novoportal\/wp-json\/wp\/v2\/users\/2"}],"replies":[{"embeddable":true,"href":"https:\/\/www.sudoestehoje.com.br\/novoportal\/wp-json\/wp\/v2\/comments?post=7964"}],"version-history":[{"count":7,"href":"https:\/\/www.sudoestehoje.com.br\/novoportal\/wp-json\/wp\/v2\/posts\/7964\/revisions"}],"predecessor-version":[{"id":7973,"href":"https:\/\/www.sudoestehoje.com.br\/novoportal\/wp-json\/wp\/v2\/posts\/7964\/revisions\/7973"}],"wp:attachment":[{"href":"https:\/\/www.sudoestehoje.com.br\/novoportal\/wp-json\/wp\/v2\/media?parent=7964"}],"wp:term":[{"taxonomy":"category","embeddable":true,"href":"https:\/\/www.sudoestehoje.com.br\/novoportal\/wp-json\/wp\/v2\/categories?post=7964"},{"taxonomy":"post_tag","embeddable":true,"href":"https:\/\/www.sudoestehoje.com.br\/novoportal\/wp-json\/wp\/v2\/tags?post=7964"}],"curies":[{"name":"wp","href":"https:\/\/api.w.org\/{rel}","templated":true}]}}