
{"id":796,"date":"2010-10-02T11:46:20","date_gmt":"2010-10-02T14:46:20","guid":{"rendered":"http:\/\/sudoestehoje.tempsite.ws\/novoportal\/?p=796"},"modified":"2010-10-02T11:46:20","modified_gmt":"2010-10-02T14:46:20","slug":"eleicoes-sandro-regis-vai-as-urnas-fortalecido-pelo-apoio-da-vereadora-naara","status":"publish","type":"post","link":"https:\/\/www.sudoestehoje.com.br\/novoportal\/2010\/10\/02\/eleicoes-sandro-regis-vai-as-urnas-fortalecido-pelo-apoio-da-vereadora-naara\/","title":{"rendered":"Elei\u00e7\u00f5es: Sandro R\u00e9gis vai \u00e0s urnas fortalecido pelo apoio da vereadora Naara"},"content":{"rendered":"<p style=\"text-align: center;\"><a rel=\"attachment wp-att-797\" href=\"http:\/\/sudoestehoje.tempsite.ws\/novoportal\/2010\/10\/02\/eleicoes-sandro-regis-vai-as-urnas-fortalecido-pelo-apoio-da-vereadora-naara\/100_3284\/\"><img loading=\"lazy\" decoding=\"async\" class=\"size-medium wp-image-797  aligncenter\" title=\"100_3284\" src=\"http:\/\/sudoestehoje.tempsite.ws\/novoportal\/wp-content\/uploads\/2010\/10\/100_3284-500x375.jpg\" alt=\"\" width=\"500\" height=\"375\" srcset=\"https:\/\/www.sudoestehoje.com.br\/novoportal\/wp-content\/uploads\/2010\/10\/100_3284-500x375.jpg 500w, https:\/\/www.sudoestehoje.com.br\/novoportal\/wp-content\/uploads\/2010\/10\/100_3284-1024x768.jpg 1024w\" sizes=\"auto, (max-width: 500px) 100vw, 500px\" \/><\/a><\/p>\n<p style=\"text-align: center;\"><strong>Sandro R\u00e9gis no encontro do DEM, no Parque da Lagoa<\/strong><\/p>\n<p>\u00a0<\/p>\n<p>ITAPETINGA:\u00a0 Na reta final destas elei\u00e7\u00f5es, um nome se destacou no cen\u00e1rio pol\u00edtico de Itapetinga: o da vereadora democrata Naara Duarte. Desde que assumiu a coordena\u00e7\u00e3o local da campanha do deputado Sandro R\u00e9gis (PR), Naara e seu grupo percorreram todos os bairros e ruas da cidade, levando o nome do seu candidato a deputado estadual e refor\u00e7ando a campanha pela reelei\u00e7\u00e3o de F\u00e1bio Souto (DEM), para deputado federal.<\/p>\n<p>A campanha de Sandro R\u00e9gis foi tranquila e pac\u00edfica, mas Naara e seus correligion\u00e1rios conseguiram massificar o nome do candidato, colocando-no no patamar de um dos favoritos para estas elei\u00e7\u00f5es, no munic\u00edpio.<\/p>\n<p>Sandro dever\u00e1 obter uma boa vota\u00e7\u00e3o em Itapetinga, at\u00e9 mesmo porque a disputa n\u00e3o polarizou entre os principais grupos pol\u00edticos locais, como se esperava.<\/p>\n<p>Davi Ferraz &#8211; Editor<\/p>\n","protected":false},"excerpt":{"rendered":"<p>Sandro R\u00e9gis no encontro do DEM, no Parque da Lagoa \u00a0 ITAPETINGA:\u00a0 Na reta final destas elei\u00e7\u00f5es, um nome se destacou no cen\u00e1rio pol\u00edtico de Itapetinga: o da vereadora democrata Naara Duarte. Desde que assumiu a coordena\u00e7\u00e3o local da campanha do deputado Sandro R\u00e9gis (PR), Naara e seu grupo percorreram todos os bairros e ruas [&hellip;]<\/p>\n","protected":false},"author":2,"featured_media":0,"comment_status":"open","ping_status":"open","sticky":false,"template":"","format":"standard","meta":{"footnotes":"","_links_to":"","_links_to_target":""},"categories":[1],"tags":[],"class_list":["post-796","post","type-post","status-publish","format-standard","hentry","category-geral"],"views":1043,"_links":{"self":[{"href":"https:\/\/www.sudoestehoje.com.br\/novoportal\/wp-json\/wp\/v2\/posts\/796","targetHints":{"allow":["GET"]}}],"collection":[{"href":"https:\/\/www.sudoestehoje.com.br\/novoportal\/wp-json\/wp\/v2\/posts"}],"about":[{"href":"https:\/\/www.sudoestehoje.com.br\/novoportal\/wp-json\/wp\/v2\/types\/post"}],"author":[{"embeddable":true,"href":"https:\/\/www.sudoestehoje.com.br\/novoportal\/wp-json\/wp\/v2\/users\/2"}],"replies":[{"embeddable":true,"href":"https:\/\/www.sudoestehoje.com.br\/novoportal\/wp-json\/wp\/v2\/comments?post=796"}],"version-history":[{"count":5,"href":"https:\/\/www.sudoestehoje.com.br\/novoportal\/wp-json\/wp\/v2\/posts\/796\/revisions"}],"predecessor-version":[{"id":802,"href":"https:\/\/www.sudoestehoje.com.br\/novoportal\/wp-json\/wp\/v2\/posts\/796\/revisions\/802"}],"wp:attachment":[{"href":"https:\/\/www.sudoestehoje.com.br\/novoportal\/wp-json\/wp\/v2\/media?parent=796"}],"wp:term":[{"taxonomy":"category","embeddable":true,"href":"https:\/\/www.sudoestehoje.com.br\/novoportal\/wp-json\/wp\/v2\/categories?post=796"},{"taxonomy":"post_tag","embeddable":true,"href":"https:\/\/www.sudoestehoje.com.br\/novoportal\/wp-json\/wp\/v2\/tags?post=796"}],"curies":[{"name":"wp","href":"https:\/\/api.w.org\/{rel}","templated":true}]}}