
{"id":7912,"date":"2011-08-28T00:22:04","date_gmt":"2011-08-28T03:22:04","guid":{"rendered":"http:\/\/www.sudoestehoje.com.br\/novoportal\/?p=7912"},"modified":"2011-08-28T12:12:11","modified_gmt":"2011-08-28T15:12:11","slug":"conquista-herzem-gusmao-e-mao-branca-conversam-sobre-2012","status":"publish","type":"post","link":"https:\/\/www.sudoestehoje.com.br\/novoportal\/2011\/08\/28\/conquista-herzem-gusmao-e-mao-branca-conversam-sobre-2012\/","title":{"rendered":"CONQUISTA: HERZEM GUSM\u00c3O E M\u00c3O BRANCA CONVERSAM SOBRE 2012"},"content":{"rendered":"<p style=\"text-align: center;\"><img decoding=\"async\" class=\"aligncenter\" src=\"http:\/\/www.blogdaresenhageral.com.br\/v1\/wp-content\/uploads\/Herzem-M%C3%A3o-Branca.jpg\" alt=\"\" \/><\/p>\n<p>Nesta sexta-feira (26), duas das maiores express\u00f5es pol\u00edticas de Vit\u00f3ria da Conquista na atualidade, Herzem Gusm\u00e3o (PMDB) e o ex-deputado federal M\u00e3o Branca (PV), conversaram demoradamente e trataram da sucess\u00e3o municipal de 2012.<\/p>\n<p>Pelo PMDB, Gusm\u00e3o \u00e9 pr\u00e9-candidato a prefeito, enquanto M\u00e3o Branca vive o dilema de transferir ou n\u00e3o o domic\u00edlio eleitoral de Itapetinga para Vit\u00f3ria da Conquista onde dever\u00e1 disputar a Prefeitura.<\/p>\n<p>\u201cAs urnas recomendaram que M\u00e3o Branca transfira o seu domic\u00edlio eleitoral para Conquista\u201d, disse Gusm\u00e3o. Na elei\u00e7\u00e3o do ano passado, na condi\u00e7\u00e3o de candidato a deputado federal, M\u00e3o Branca alcan\u00e7ou em Conquista mais de 16 mil votos.<\/p>\n<p>Convidado para disputar a elei\u00e7\u00e3o como candidato a prefeito de Macarani ou Barra do Cho\u00e7a, M\u00e3o Branca, cauteloso, disse sentir-se honrado mas dever\u00e1 declinar dos convites de lideran\u00e7as pol\u00edticas dos respectivos munic\u00edpios. Na cidade de Itapetinga existe movimento semelhante.<\/p>\n<p><em><strong>Blog da Resenha Geral<\/strong><\/em><\/p>\n","protected":false},"excerpt":{"rendered":"<p>Nesta sexta-feira (26), duas das maiores express\u00f5es pol\u00edticas de Vit\u00f3ria da Conquista na atualidade, Herzem Gusm\u00e3o (PMDB) e o ex-deputado federal M\u00e3o Branca (PV), conversaram demoradamente e trataram da sucess\u00e3o municipal de 2012. Pelo PMDB, Gusm\u00e3o \u00e9 pr\u00e9-candidato a prefeito, enquanto M\u00e3o Branca vive o dilema de transferir ou n\u00e3o o domic\u00edlio eleitoral de Itapetinga [&hellip;]<\/p>\n","protected":false},"author":2,"featured_media":0,"comment_status":"open","ping_status":"open","sticky":false,"template":"","format":"standard","meta":{"footnotes":"","_links_to":"","_links_to_target":""},"categories":[1],"tags":[],"class_list":["post-7912","post","type-post","status-publish","format-standard","hentry","category-geral"],"views":1309,"_links":{"self":[{"href":"https:\/\/www.sudoestehoje.com.br\/novoportal\/wp-json\/wp\/v2\/posts\/7912","targetHints":{"allow":["GET"]}}],"collection":[{"href":"https:\/\/www.sudoestehoje.com.br\/novoportal\/wp-json\/wp\/v2\/posts"}],"about":[{"href":"https:\/\/www.sudoestehoje.com.br\/novoportal\/wp-json\/wp\/v2\/types\/post"}],"author":[{"embeddable":true,"href":"https:\/\/www.sudoestehoje.com.br\/novoportal\/wp-json\/wp\/v2\/users\/2"}],"replies":[{"embeddable":true,"href":"https:\/\/www.sudoestehoje.com.br\/novoportal\/wp-json\/wp\/v2\/comments?post=7912"}],"version-history":[{"count":4,"href":"https:\/\/www.sudoestehoje.com.br\/novoportal\/wp-json\/wp\/v2\/posts\/7912\/revisions"}],"predecessor-version":[{"id":7915,"href":"https:\/\/www.sudoestehoje.com.br\/novoportal\/wp-json\/wp\/v2\/posts\/7912\/revisions\/7915"}],"wp:attachment":[{"href":"https:\/\/www.sudoestehoje.com.br\/novoportal\/wp-json\/wp\/v2\/media?parent=7912"}],"wp:term":[{"taxonomy":"category","embeddable":true,"href":"https:\/\/www.sudoestehoje.com.br\/novoportal\/wp-json\/wp\/v2\/categories?post=7912"},{"taxonomy":"post_tag","embeddable":true,"href":"https:\/\/www.sudoestehoje.com.br\/novoportal\/wp-json\/wp\/v2\/tags?post=7912"}],"curies":[{"name":"wp","href":"https:\/\/api.w.org\/{rel}","templated":true}]}}