
{"id":78964,"date":"2019-03-31T22:50:18","date_gmt":"2019-04-01T01:50:18","guid":{"rendered":"https:\/\/www.sudoestehoje.com.br\/novoportal\/?p=78964"},"modified":"2019-03-31T22:55:37","modified_gmt":"2019-04-01T01:55:37","slug":"avenida-catole-e-patrolada-a-pedido-do-vereador-sargento-alberto","status":"publish","type":"post","link":"https:\/\/www.sudoestehoje.com.br\/novoportal\/2019\/03\/31\/avenida-catole-e-patrolada-a-pedido-do-vereador-sargento-alberto\/","title":{"rendered":"AVENIDA CATOL\u00c9 \u00c9 PATROLADA A PEDIDO DO VEREADOR SARGENTO ALBERTO"},"content":{"rendered":"<p><a href=\"https:\/\/www.sudoestehoje.com.br\/novoportal\/wp-content\/uploads\/2019\/03\/patrolamento.jpg\"><img loading=\"lazy\" decoding=\"async\" class=\"aligncenter size-medium wp-image-78965\" src=\"https:\/\/www.sudoestehoje.com.br\/novoportal\/wp-content\/uploads\/2019\/03\/patrolamento-500x375.jpg\" alt=\"\" width=\"500\" height=\"375\" srcset=\"https:\/\/www.sudoestehoje.com.br\/novoportal\/wp-content\/uploads\/2019\/03\/patrolamento-500x375.jpg 500w, https:\/\/www.sudoestehoje.com.br\/novoportal\/wp-content\/uploads\/2019\/03\/patrolamento-768x576.jpg 768w, https:\/\/www.sudoestehoje.com.br\/novoportal\/wp-content\/uploads\/2019\/03\/patrolamento-700x525.jpg 700w, https:\/\/www.sudoestehoje.com.br\/novoportal\/wp-content\/uploads\/2019\/03\/patrolamento.jpg 960w\" sizes=\"auto, (max-width: 500px) 100vw, 500px\" \/><\/a><\/p>\n<p>Atendendo solicita\u00e7\u00e3o do vice-presidente da C\u00e2mara de Vereadores de Itapetinga, vereador Sargento Alberto (PP), a Secretaria de Urbanismo determinou melhorias na Avenida Catol\u00e9, que foi totalmente patrolada na \u00faltima sexta-feira (29).<\/p>\n<p>A via, que se encontra em obras, sofreu muito com as \u00faltimas chuvas, dificultando o acesso aos residenciais 12 de Dezembro e Jos\u00e9 Ivo e ao loteamento Vila \u00c9rica.<\/p>\n<p><em>&#8220;Enquanto o asfalto n\u00e3o chega, a Avenida Catol\u00e9 precisa de manuten\u00e7\u00e3o peri\u00f3dica, para facilitar o tr\u00e1fego de ve\u00edculos e o acesso das pessoas aos seus bairros. Agrade\u00e7o a aten\u00e7\u00e3o dos secret\u00e1rios Luciano Almeida e Gustavo, por terem atendido a nossa solicita\u00e7\u00e3o&#8221;<\/em>, agradeceu o vereador Alberto.<\/p>\n<p><strong><em>Por Davi Ferraz<\/em><\/strong><\/p>\n","protected":false},"excerpt":{"rendered":"<p>Atendendo solicita\u00e7\u00e3o do vice-presidente da C\u00e2mara de Vereadores de Itapetinga, vereador Sargento Alberto (PP), a Secretaria de Urbanismo determinou melhorias na Avenida Catol\u00e9, que foi totalmente patrolada na \u00faltima sexta-feira (29). A via, que se encontra em obras, sofreu muito com as \u00faltimas chuvas, dificultando o acesso aos residenciais 12 de Dezembro e Jos\u00e9 Ivo [&hellip;]<\/p>\n","protected":false},"author":2,"featured_media":78965,"comment_status":"open","ping_status":"open","sticky":false,"template":"","format":"standard","meta":{"footnotes":"","_links_to":"","_links_to_target":""},"categories":[1],"tags":[],"class_list":["post-78964","post","type-post","status-publish","format-standard","has-post-thumbnail","hentry","category-geral"],"views":885,"_links":{"self":[{"href":"https:\/\/www.sudoestehoje.com.br\/novoportal\/wp-json\/wp\/v2\/posts\/78964","targetHints":{"allow":["GET"]}}],"collection":[{"href":"https:\/\/www.sudoestehoje.com.br\/novoportal\/wp-json\/wp\/v2\/posts"}],"about":[{"href":"https:\/\/www.sudoestehoje.com.br\/novoportal\/wp-json\/wp\/v2\/types\/post"}],"author":[{"embeddable":true,"href":"https:\/\/www.sudoestehoje.com.br\/novoportal\/wp-json\/wp\/v2\/users\/2"}],"replies":[{"embeddable":true,"href":"https:\/\/www.sudoestehoje.com.br\/novoportal\/wp-json\/wp\/v2\/comments?post=78964"}],"version-history":[{"count":2,"href":"https:\/\/www.sudoestehoje.com.br\/novoportal\/wp-json\/wp\/v2\/posts\/78964\/revisions"}],"predecessor-version":[{"id":78967,"href":"https:\/\/www.sudoestehoje.com.br\/novoportal\/wp-json\/wp\/v2\/posts\/78964\/revisions\/78967"}],"wp:featuredmedia":[{"embeddable":true,"href":"https:\/\/www.sudoestehoje.com.br\/novoportal\/wp-json\/wp\/v2\/media\/78965"}],"wp:attachment":[{"href":"https:\/\/www.sudoestehoje.com.br\/novoportal\/wp-json\/wp\/v2\/media?parent=78964"}],"wp:term":[{"taxonomy":"category","embeddable":true,"href":"https:\/\/www.sudoestehoje.com.br\/novoportal\/wp-json\/wp\/v2\/categories?post=78964"},{"taxonomy":"post_tag","embeddable":true,"href":"https:\/\/www.sudoestehoje.com.br\/novoportal\/wp-json\/wp\/v2\/tags?post=78964"}],"curies":[{"name":"wp","href":"https:\/\/api.w.org\/{rel}","templated":true}]}}