
{"id":7895,"date":"2011-08-28T21:06:11","date_gmt":"2011-08-29T00:06:11","guid":{"rendered":"http:\/\/www.sudoestehoje.com.br\/novoportal\/?p=7895"},"modified":"2011-08-29T06:51:30","modified_gmt":"2011-08-29T09:51:30","slug":"itapetinga-lancamento-do-psdc-reune-lideres-de-oposicao","status":"publish","type":"post","link":"https:\/\/www.sudoestehoje.com.br\/novoportal\/2011\/08\/28\/itapetinga-lancamento-do-psdc-reune-lideres-de-oposicao\/","title":{"rendered":"ITAPETINGA: LAN\u00c7AMENTO DO PSDC RE\u00daNE L\u00cdDERES DE OPOSI\u00c7\u00c3O"},"content":{"rendered":"<p><a href=\"http:\/\/www.sudoestehoje.com.br\/novoportal\/wp-content\/uploads\/2011\/08\/GEDC0243.jpg\"><img loading=\"lazy\" decoding=\"async\" class=\"aligncenter size-medium wp-image-7896\" title=\"GEDC0243\" src=\"http:\/\/www.sudoestehoje.com.br\/novoportal\/wp-content\/uploads\/2011\/08\/GEDC0243-500x375.jpg\" alt=\"\" width=\"500\" height=\"375\" srcset=\"https:\/\/www.sudoestehoje.com.br\/novoportal\/wp-content\/uploads\/2011\/08\/GEDC0243-500x375.jpg 500w, https:\/\/www.sudoestehoje.com.br\/novoportal\/wp-content\/uploads\/2011\/08\/GEDC0243-1024x768.jpg 1024w\" sizes=\"auto, (max-width: 500px) 100vw, 500px\" \/><\/a><\/p>\n<p style=\"text-align: center;\"><em><strong>Oposi\u00e7\u00f5es d\u00e3o primeiro passo concreto para uma futura uni\u00e3o<\/strong><\/em><\/p>\n<p>ITAPETINGA: O que era para ser um simples caf\u00e9 da manh\u00e3 para lan\u00e7amento do PSDC em Itapetinga, acabou se transformando em um importante encontro das principais lideran\u00e7as pol\u00edticas de oposi\u00e7\u00e3o, na manh\u00e3 deste s\u00e1bado, no restaurante Mirante, em frente ao Parque da Lagoa.\u00a0A iniciativa foi do ex-vereador Gild\u00e1sio Queiroz, que deixou recentemente a presid\u00eancia do PR, para assumir a dire\u00e7\u00e3o municipal do PSDC.<\/p>\n<p style=\"text-align: center;\"><a href=\"http:\/\/www.sudoestehoje.com.br\/novoportal\/wp-content\/uploads\/2011\/08\/GEDC0227.jpg\"><img loading=\"lazy\" decoding=\"async\" class=\"aligncenter size-medium wp-image-7897\" title=\"GEDC0227\" src=\"http:\/\/www.sudoestehoje.com.br\/novoportal\/wp-content\/uploads\/2011\/08\/GEDC0227-500x375.jpg\" alt=\"\" width=\"500\" height=\"375\" srcset=\"https:\/\/www.sudoestehoje.com.br\/novoportal\/wp-content\/uploads\/2011\/08\/GEDC0227-500x375.jpg 500w, https:\/\/www.sudoestehoje.com.br\/novoportal\/wp-content\/uploads\/2011\/08\/GEDC0227-1024x768.jpg 1024w\" sizes=\"auto, (max-width: 500px) 100vw, 500px\" \/><\/a><em><strong>Dr. Jos\u00e9 Ot\u00e1vio defende a uni\u00e3o contra o &#8216;caos administrativo&#8217;<\/strong><\/em><\/p>\n<p>Comprovando a sua qualidade de h\u00e1bil articulador pol\u00edtico, Queiroz conseguiu reunir antigos e ferrenhos advers\u00e1rios pol\u00edticos locais, como o Dr. Jos\u00e9 Ot\u00e1vio Curvello (DEM), Dr. Silvio Macedo (PMDB), K\u00e1tia Espinheira (PMDB), Edilson Lima (PR), Geraldo Trindade (DEM), Neide Fernandes (PV), Renan Pereira (DEM), \u00a0Jos\u00e9 Elias Ribeiro (DEM), vereador Alfredo Cabral (PSC), \u00a0vereador Jo\u00e3o de Deus (PMDB), vereador Chiquinho (DEM), al\u00e9m dos ex-vereadores Juraci Nunes e Ari Curcino e outras lideran\u00e7as, como o presidente da Associa\u00e7\u00e3o de Moradores da Vila Riach\u00e3o, Dimas, dentre outros. A vereadora Naara Duarte n\u00e3o pode comparecer, mas foi representada por seu irm\u00e3o Nalty Duarte. Outro destaque foi a presen\u00e7a do presidente estadual do PSDC, Ant\u00f4nio Albino.<\/p>\n<p style=\"text-align: center;\"><a href=\"http:\/\/www.sudoestehoje.com.br\/novoportal\/wp-content\/uploads\/2011\/08\/GEDC0128.jpg\"><img loading=\"lazy\" decoding=\"async\" class=\"aligncenter size-medium wp-image-7898\" title=\"GEDC0128\" src=\"http:\/\/www.sudoestehoje.com.br\/novoportal\/wp-content\/uploads\/2011\/08\/GEDC0128-500x375.jpg\" alt=\"\" width=\"500\" height=\"375\" srcset=\"https:\/\/www.sudoestehoje.com.br\/novoportal\/wp-content\/uploads\/2011\/08\/GEDC0128-500x375.jpg 500w, https:\/\/www.sudoestehoje.com.br\/novoportal\/wp-content\/uploads\/2011\/08\/GEDC0128-1024x768.jpg 1024w\" sizes=\"auto, (max-width: 500px) 100vw, 500px\" \/><\/a><em><strong>Renan, Geraldo, Z\u00e9 Ot\u00e1vio, Queiroz, Dr. Silvio e Edilson Lima <\/strong><\/em><\/p>\n<p>Nos discursos, a t\u00f4nica era uma s\u00f3: a prov\u00e1vel uni\u00e3o das oposi\u00e7\u00f5es locais, em torno de uma candidatura para fazer frente ao atual prefeito, nas elei\u00e7\u00f5es de 2012. Sob o slogan &#8220;Unindo for\u00e7as para salvar Itapetinga&#8221;, os l\u00edderes foram un\u00e2nimes em afirmar a necessidade de uma &#8220;uni\u00e3o hist\u00f3rica&#8221;, para &#8220;reverter a situa\u00e7\u00e3o de caos administrativo em que a cidade se encontra, nos tempos atuais&#8221;.<\/p>\n<p>Um momento importante do encontro foi a mensagem do ex-prefeito Michel Hagge, feita atrav\u00e9s das palavras de K\u00e1tia Espinheira e Dr. Silvio Macedo, reafirmando o seu desejo de apoiar a uni\u00e3o das oposi\u00e7\u00f5es, em torno de um projeto pol\u00edtico \u00fanico.<\/p>\n<p style=\"text-align: center;\"><a href=\"http:\/\/www.sudoestehoje.com.br\/novoportal\/wp-content\/uploads\/2011\/08\/GEDC0251.jpg\"><img loading=\"lazy\" decoding=\"async\" class=\"aligncenter size-medium wp-image-7899\" title=\"GEDC0251\" src=\"http:\/\/www.sudoestehoje.com.br\/novoportal\/wp-content\/uploads\/2011\/08\/GEDC0251-500x375.jpg\" alt=\"\" width=\"500\" height=\"375\" srcset=\"https:\/\/www.sudoestehoje.com.br\/novoportal\/wp-content\/uploads\/2011\/08\/GEDC0251-500x375.jpg 500w, https:\/\/www.sudoestehoje.com.br\/novoportal\/wp-content\/uploads\/2011\/08\/GEDC0251-1024x768.jpg 1024w\" sizes=\"auto, (max-width: 500px) 100vw, 500px\" \/><\/a><em><strong>O vice-prefeito Edilson Lima posou ao lado de K\u00e1tia e Jos\u00e9 Ot\u00e1vio <\/strong><\/em><\/p>\n<p>Outro fator que chamou \u00e0 aten\u00e7\u00e3o foi que todas as lideran\u00e7as, rivais em outras elei\u00e7\u00f5es, se encontravam bem \u00e0 vontade e de forma descontra\u00edda, numa demonstra\u00e7\u00e3o de que as antigas querelas podem ser deixadas para tr\u00e1s. Quem apostou no contr\u00e1rio, pode perder a aposta.<\/p>\n<p><em><strong>Por DAVI FERRAZ<\/strong><\/em><\/p>\n","protected":false},"excerpt":{"rendered":"<p>Oposi\u00e7\u00f5es d\u00e3o primeiro passo concreto para uma futura uni\u00e3o ITAPETINGA: O que era para ser um simples caf\u00e9 da manh\u00e3 para lan\u00e7amento do PSDC em Itapetinga, acabou se transformando em um importante encontro das principais lideran\u00e7as pol\u00edticas de oposi\u00e7\u00e3o, na manh\u00e3 deste s\u00e1bado, no restaurante Mirante, em frente ao Parque da Lagoa.\u00a0A iniciativa foi do [&hellip;]<\/p>\n","protected":false},"author":2,"featured_media":0,"comment_status":"open","ping_status":"open","sticky":false,"template":"","format":"standard","meta":{"footnotes":"","_links_to":"","_links_to_target":""},"categories":[1],"tags":[],"class_list":["post-7895","post","type-post","status-publish","format-standard","hentry","category-geral"],"views":2084,"_links":{"self":[{"href":"https:\/\/www.sudoestehoje.com.br\/novoportal\/wp-json\/wp\/v2\/posts\/7895","targetHints":{"allow":["GET"]}}],"collection":[{"href":"https:\/\/www.sudoestehoje.com.br\/novoportal\/wp-json\/wp\/v2\/posts"}],"about":[{"href":"https:\/\/www.sudoestehoje.com.br\/novoportal\/wp-json\/wp\/v2\/types\/post"}],"author":[{"embeddable":true,"href":"https:\/\/www.sudoestehoje.com.br\/novoportal\/wp-json\/wp\/v2\/users\/2"}],"replies":[{"embeddable":true,"href":"https:\/\/www.sudoestehoje.com.br\/novoportal\/wp-json\/wp\/v2\/comments?post=7895"}],"version-history":[{"count":6,"href":"https:\/\/www.sudoestehoje.com.br\/novoportal\/wp-json\/wp\/v2\/posts\/7895\/revisions"}],"predecessor-version":[{"id":7904,"href":"https:\/\/www.sudoestehoje.com.br\/novoportal\/wp-json\/wp\/v2\/posts\/7895\/revisions\/7904"}],"wp:attachment":[{"href":"https:\/\/www.sudoestehoje.com.br\/novoportal\/wp-json\/wp\/v2\/media?parent=7895"}],"wp:term":[{"taxonomy":"category","embeddable":true,"href":"https:\/\/www.sudoestehoje.com.br\/novoportal\/wp-json\/wp\/v2\/categories?post=7895"},{"taxonomy":"post_tag","embeddable":true,"href":"https:\/\/www.sudoestehoje.com.br\/novoportal\/wp-json\/wp\/v2\/tags?post=7895"}],"curies":[{"name":"wp","href":"https:\/\/api.w.org\/{rel}","templated":true}]}}