
{"id":78944,"date":"2019-03-29T18:16:04","date_gmt":"2019-03-29T21:16:04","guid":{"rendered":"https:\/\/www.sudoestehoje.com.br\/novoportal\/?p=78944"},"modified":"2019-03-29T18:23:46","modified_gmt":"2019-03-29T21:23:46","slug":"morre-em-itapetinga-o-conhecido-walter-da-farmacia-aos-90-anos","status":"publish","type":"post","link":"https:\/\/www.sudoestehoje.com.br\/novoportal\/2019\/03\/29\/morre-em-itapetinga-o-conhecido-walter-da-farmacia-aos-90-anos\/","title":{"rendered":"ITAPETINGA: MORRE AOS 90 ANOS O PECUARISTA E EMPRES\u00c1RIO &#8216;WALTER DA FARM\u00c1CIA&#8217;"},"content":{"rendered":"<p><a href=\"https:\/\/www.sudoestehoje.com.br\/novoportal\/wp-content\/uploads\/2019\/03\/walter-da-farm\u00e1cia.jpg\"><img loading=\"lazy\" decoding=\"async\" class=\"wp-image-78946 alignleft\" src=\"https:\/\/www.sudoestehoje.com.br\/novoportal\/wp-content\/uploads\/2019\/03\/walter-da-farm\u00e1cia.jpg\" alt=\"\" width=\"200\" height=\"250\" \/><\/a><\/p>\n<p>Faleceu, na manh\u00e3 desta sexta-feira (29), no Hospital Cristo Redentor, de causas naturais, o empres\u00e1rio e pecuarista Walter Pinheiro Andrade, conhecido popularmente por &#8216;Walter da Farm\u00e1cia&#8217;. Walter tinha 90 anos de idade e j\u00e1 vinha com problemas de sa\u00fade h\u00e1 alguns anos.<\/p>\n<p>Durante d\u00e9cadas, Walter exerceu a profiss\u00e3o de &#8216;farmac\u00eautico&#8217; em Itapetinga, como propriet\u00e1rio da antiga Farm\u00e1cia Sudoeste, participando ativamente da vida social e pol\u00edtica do munic\u00edpio, chegando a ser cotado para concorrer ao cargo de prefeito, na d\u00e9cada de 1970.<\/p>\n<p>Pai dos conceituados m\u00e9dicos Dr. Jos\u00e9 Augusto e Paulo Andrade, do engenheiro Jorge e do empres\u00e1rio Waltinho Andrade, Walter da Farm\u00e1cia vai deixar saudade pelo seu modo brincalh\u00e3o e espirituoso junto aos amigos e familiares.<\/p>\n<p>O corpo est\u00e1 sendo velado no Cerimonial Pax Perfei\u00e7\u00e3o e o sepultamento esta marcado para acontecer \u00e0s 11h deste s\u00e1bado (30).<\/p>\n<p>O Sudoeste Hoje manifesta os seus mais sinceros sentimentos \u00e0 fam\u00edlia enlutada, pela perda irrepar\u00e1vel do amigo Walter Andrade.<\/p>\n<p><strong><em>Davi Ferraz &#8211; Editor\u00a0<\/em><\/strong><\/p>\n","protected":false},"excerpt":{"rendered":"<p>Faleceu, na manh\u00e3 desta sexta-feira (29), no Hospital Cristo Redentor, de causas naturais, o empres\u00e1rio e pecuarista Walter Pinheiro Andrade, conhecido popularmente por &#8216;Walter da Farm\u00e1cia&#8217;. Walter tinha 90 anos de idade e j\u00e1 vinha com problemas de sa\u00fade h\u00e1 alguns anos. Durante d\u00e9cadas, Walter exerceu a profiss\u00e3o de &#8216;farmac\u00eautico&#8217; em Itapetinga, como propriet\u00e1rio da [&hellip;]<\/p>\n","protected":false},"author":2,"featured_media":78946,"comment_status":"open","ping_status":"open","sticky":false,"template":"","format":"standard","meta":{"footnotes":"","_links_to":"","_links_to_target":""},"categories":[1],"tags":[],"class_list":["post-78944","post","type-post","status-publish","format-standard","has-post-thumbnail","hentry","category-geral"],"views":1477,"_links":{"self":[{"href":"https:\/\/www.sudoestehoje.com.br\/novoportal\/wp-json\/wp\/v2\/posts\/78944","targetHints":{"allow":["GET"]}}],"collection":[{"href":"https:\/\/www.sudoestehoje.com.br\/novoportal\/wp-json\/wp\/v2\/posts"}],"about":[{"href":"https:\/\/www.sudoestehoje.com.br\/novoportal\/wp-json\/wp\/v2\/types\/post"}],"author":[{"embeddable":true,"href":"https:\/\/www.sudoestehoje.com.br\/novoportal\/wp-json\/wp\/v2\/users\/2"}],"replies":[{"embeddable":true,"href":"https:\/\/www.sudoestehoje.com.br\/novoportal\/wp-json\/wp\/v2\/comments?post=78944"}],"version-history":[{"count":4,"href":"https:\/\/www.sudoestehoje.com.br\/novoportal\/wp-json\/wp\/v2\/posts\/78944\/revisions"}],"predecessor-version":[{"id":78949,"href":"https:\/\/www.sudoestehoje.com.br\/novoportal\/wp-json\/wp\/v2\/posts\/78944\/revisions\/78949"}],"wp:featuredmedia":[{"embeddable":true,"href":"https:\/\/www.sudoestehoje.com.br\/novoportal\/wp-json\/wp\/v2\/media\/78946"}],"wp:attachment":[{"href":"https:\/\/www.sudoestehoje.com.br\/novoportal\/wp-json\/wp\/v2\/media?parent=78944"}],"wp:term":[{"taxonomy":"category","embeddable":true,"href":"https:\/\/www.sudoestehoje.com.br\/novoportal\/wp-json\/wp\/v2\/categories?post=78944"},{"taxonomy":"post_tag","embeddable":true,"href":"https:\/\/www.sudoestehoje.com.br\/novoportal\/wp-json\/wp\/v2\/tags?post=78944"}],"curies":[{"name":"wp","href":"https:\/\/api.w.org\/{rel}","templated":true}]}}