
{"id":78932,"date":"2019-03-28T23:02:14","date_gmt":"2019-03-29T02:02:14","guid":{"rendered":"https:\/\/www.sudoestehoje.com.br\/novoportal\/?p=78932"},"modified":"2019-03-28T23:02:14","modified_gmt":"2019-03-29T02:02:14","slug":"detran-revoga-inspecao-semestral-em-veiculos-de-transporte-escolar","status":"publish","type":"post","link":"https:\/\/www.sudoestehoje.com.br\/novoportal\/2019\/03\/28\/detran-revoga-inspecao-semestral-em-veiculos-de-transporte-escolar\/","title":{"rendered":"DETRAN REVOGA INSPE\u00c7\u00c3O SEMESTRAL EM VE\u00cdCULOS DE TRANSPORTE ESCOLAR"},"content":{"rendered":"<p><a href=\"https:\/\/www.sudoestehoje.com.br\/novoportal\/wp-content\/uploads\/2019\/03\/onibusescolar.jpeg\"><img loading=\"lazy\" decoding=\"async\" class=\"aligncenter size-medium wp-image-78937\" src=\"https:\/\/www.sudoestehoje.com.br\/novoportal\/wp-content\/uploads\/2019\/03\/onibusescolar-500x339.jpeg\" alt=\"\" width=\"500\" height=\"339\" srcset=\"https:\/\/www.sudoestehoje.com.br\/novoportal\/wp-content\/uploads\/2019\/03\/onibusescolar-500x339.jpeg 500w, https:\/\/www.sudoestehoje.com.br\/novoportal\/wp-content\/uploads\/2019\/03\/onibusescolar.jpeg 660w\" sizes=\"auto, (max-width: 500px) 100vw, 500px\" \/><\/a><\/p>\n<p>Por recomenda\u00e7\u00e3o do Minist\u00e9rio P\u00fablico (MP-BA), o Departamento Estadual de Tr\u00e2nsito (Detran-BA) revogou uma portaria que previa a inspe\u00e7\u00e3o semestral dos ve\u00edculos do transporte escolar.<\/p>\n<p>O MP-BA entendeu que o servi\u00e7o j\u00e1 passa pela vistoria das prefeituras, que \u00e9 quem regulamenta a atividade, n\u00e3o se justificando outra avalia\u00e7\u00e3o por parte do \u00f3rg\u00e3o estadual. O Departamento Nacional de Tr\u00e2nsito (Denatran) se manifestou tamb\u00e9m contra a portaria, por meio do of\u00edcio 026\/2018.<\/p>\n<p>O Detran-BA manteve a exig\u00eancia do Certificado de Seguran\u00e7a Veicular para o licenciamento de vans e utilit\u00e1rios que passaram por mudan\u00e7a de caracter\u00edsticas ou categoria. O documento \u00e9 fornecido por entidades credenciadas ao Instituto Nacional de Metrologia, Qualidade e Tecnologia (Inmetro).<\/p>\n","protected":false},"excerpt":{"rendered":"<p>Por recomenda\u00e7\u00e3o do Minist\u00e9rio P\u00fablico (MP-BA), o Departamento Estadual de Tr\u00e2nsito (Detran-BA) revogou uma portaria que previa a inspe\u00e7\u00e3o semestral dos ve\u00edculos do transporte escolar. O MP-BA entendeu que o servi\u00e7o j\u00e1 passa pela vistoria das prefeituras, que \u00e9 quem regulamenta a atividade, n\u00e3o se justificando outra avalia\u00e7\u00e3o por parte do \u00f3rg\u00e3o estadual. O Departamento [&hellip;]<\/p>\n","protected":false},"author":2,"featured_media":78937,"comment_status":"open","ping_status":"open","sticky":false,"template":"","format":"standard","meta":{"footnotes":"","_links_to":"","_links_to_target":""},"categories":[1],"tags":[],"class_list":["post-78932","post","type-post","status-publish","format-standard","has-post-thumbnail","hentry","category-geral"],"views":1020,"_links":{"self":[{"href":"https:\/\/www.sudoestehoje.com.br\/novoportal\/wp-json\/wp\/v2\/posts\/78932","targetHints":{"allow":["GET"]}}],"collection":[{"href":"https:\/\/www.sudoestehoje.com.br\/novoportal\/wp-json\/wp\/v2\/posts"}],"about":[{"href":"https:\/\/www.sudoestehoje.com.br\/novoportal\/wp-json\/wp\/v2\/types\/post"}],"author":[{"embeddable":true,"href":"https:\/\/www.sudoestehoje.com.br\/novoportal\/wp-json\/wp\/v2\/users\/2"}],"replies":[{"embeddable":true,"href":"https:\/\/www.sudoestehoje.com.br\/novoportal\/wp-json\/wp\/v2\/comments?post=78932"}],"version-history":[{"count":5,"href":"https:\/\/www.sudoestehoje.com.br\/novoportal\/wp-json\/wp\/v2\/posts\/78932\/revisions"}],"predecessor-version":[{"id":78938,"href":"https:\/\/www.sudoestehoje.com.br\/novoportal\/wp-json\/wp\/v2\/posts\/78932\/revisions\/78938"}],"wp:featuredmedia":[{"embeddable":true,"href":"https:\/\/www.sudoestehoje.com.br\/novoportal\/wp-json\/wp\/v2\/media\/78937"}],"wp:attachment":[{"href":"https:\/\/www.sudoestehoje.com.br\/novoportal\/wp-json\/wp\/v2\/media?parent=78932"}],"wp:term":[{"taxonomy":"category","embeddable":true,"href":"https:\/\/www.sudoestehoje.com.br\/novoportal\/wp-json\/wp\/v2\/categories?post=78932"},{"taxonomy":"post_tag","embeddable":true,"href":"https:\/\/www.sudoestehoje.com.br\/novoportal\/wp-json\/wp\/v2\/tags?post=78932"}],"curies":[{"name":"wp","href":"https:\/\/api.w.org\/{rel}","templated":true}]}}