
{"id":78928,"date":"2019-03-28T22:41:56","date_gmt":"2019-03-29T01:41:56","guid":{"rendered":"https:\/\/www.sudoestehoje.com.br\/novoportal\/?p=78928"},"modified":"2019-03-28T22:41:56","modified_gmt":"2019-03-29T01:41:56","slug":"mesmo-sob-ameaca-uesb-mantem-atividades-em-conquista-itapetinga-e-jequie","status":"publish","type":"post","link":"https:\/\/www.sudoestehoje.com.br\/novoportal\/2019\/03\/28\/mesmo-sob-ameaca-uesb-mantem-atividades-em-conquista-itapetinga-e-jequie\/","title":{"rendered":"MESMO SOB AMEA\u00c7A, UESB MANTEM ATIVIDADES EM CONQUISTA, ITAPETINGA E JEQUI\u00c9"},"content":{"rendered":"<p><a href=\"https:\/\/www.sudoestehoje.com.br\/novoportal\/wp-content\/uploads\/2019\/03\/UESB-ITA.jpg\"><img loading=\"lazy\" decoding=\"async\" class=\"aligncenter size-medium wp-image-78930\" src=\"https:\/\/www.sudoestehoje.com.br\/novoportal\/wp-content\/uploads\/2019\/03\/UESB-ITA-500x291.jpg\" alt=\"\" width=\"500\" height=\"291\" srcset=\"https:\/\/www.sudoestehoje.com.br\/novoportal\/wp-content\/uploads\/2019\/03\/UESB-ITA-500x291.jpg 500w, https:\/\/www.sudoestehoje.com.br\/novoportal\/wp-content\/uploads\/2019\/03\/UESB-ITA.jpg 640w\" sizes=\"auto, (max-width: 500px) 100vw, 500px\" \/><\/a><\/p>\n<p>A Administra\u00e7\u00e3o Central da Universidade Estadual do Sudoeste da Bahia (UESB), em face de recente onda de boatos e supostas amea\u00e7as de uso de viol\u00eancia contra institui\u00e7\u00f5es educacionais p\u00fablicas, disseminados atrav\u00e9s do Whatsapp, informou \u00e0 comunidade universit\u00e1ria e \u00e0 sociedade em geral da regi\u00e3o Sudoeste da Bahia, nesta quinta-feira (28), que suas atividades acad\u00eamicas e administrativas est\u00e3o mantidas e que provid\u00eancias est\u00e3o sendo adotadas no sentido de que tais atividades se desenvolvam em ambiente de tranquilidade e seguran\u00e7a. <a href=\"https:\/\/www.blogdoanderson.com\/?p=470418&amp;preview=true\" target=\"_blank\" rel=\"noopener noreferrer\">Confira a Nota Oficial<\/a>.<\/p>\n","protected":false},"excerpt":{"rendered":"<p>A Administra\u00e7\u00e3o Central da Universidade Estadual do Sudoeste da Bahia (UESB), em face de recente onda de boatos e supostas amea\u00e7as de uso de viol\u00eancia contra institui\u00e7\u00f5es educacionais p\u00fablicas, disseminados atrav\u00e9s do Whatsapp, informou \u00e0 comunidade universit\u00e1ria e \u00e0 sociedade em geral da regi\u00e3o Sudoeste da Bahia, nesta quinta-feira (28), que suas atividades acad\u00eamicas e [&hellip;]<\/p>\n","protected":false},"author":2,"featured_media":78930,"comment_status":"open","ping_status":"open","sticky":false,"template":"","format":"standard","meta":{"footnotes":"","_links_to":"","_links_to_target":""},"categories":[1],"tags":[],"class_list":["post-78928","post","type-post","status-publish","format-standard","has-post-thumbnail","hentry","category-geral"],"views":1648,"_links":{"self":[{"href":"https:\/\/www.sudoestehoje.com.br\/novoportal\/wp-json\/wp\/v2\/posts\/78928","targetHints":{"allow":["GET"]}}],"collection":[{"href":"https:\/\/www.sudoestehoje.com.br\/novoportal\/wp-json\/wp\/v2\/posts"}],"about":[{"href":"https:\/\/www.sudoestehoje.com.br\/novoportal\/wp-json\/wp\/v2\/types\/post"}],"author":[{"embeddable":true,"href":"https:\/\/www.sudoestehoje.com.br\/novoportal\/wp-json\/wp\/v2\/users\/2"}],"replies":[{"embeddable":true,"href":"https:\/\/www.sudoestehoje.com.br\/novoportal\/wp-json\/wp\/v2\/comments?post=78928"}],"version-history":[{"count":2,"href":"https:\/\/www.sudoestehoje.com.br\/novoportal\/wp-json\/wp\/v2\/posts\/78928\/revisions"}],"predecessor-version":[{"id":78931,"href":"https:\/\/www.sudoestehoje.com.br\/novoportal\/wp-json\/wp\/v2\/posts\/78928\/revisions\/78931"}],"wp:featuredmedia":[{"embeddable":true,"href":"https:\/\/www.sudoestehoje.com.br\/novoportal\/wp-json\/wp\/v2\/media\/78930"}],"wp:attachment":[{"href":"https:\/\/www.sudoestehoje.com.br\/novoportal\/wp-json\/wp\/v2\/media?parent=78928"}],"wp:term":[{"taxonomy":"category","embeddable":true,"href":"https:\/\/www.sudoestehoje.com.br\/novoportal\/wp-json\/wp\/v2\/categories?post=78928"},{"taxonomy":"post_tag","embeddable":true,"href":"https:\/\/www.sudoestehoje.com.br\/novoportal\/wp-json\/wp\/v2\/tags?post=78928"}],"curies":[{"name":"wp","href":"https:\/\/api.w.org\/{rel}","templated":true}]}}