
{"id":78879,"date":"2019-03-25T18:12:54","date_gmt":"2019-03-25T21:12:54","guid":{"rendered":"https:\/\/www.sudoestehoje.com.br\/novoportal\/?p=78879"},"modified":"2019-03-25T18:12:54","modified_gmt":"2019-03-25T21:12:54","slug":"justica-federal-manda-soltar-michel-temer","status":"publish","type":"post","link":"https:\/\/www.sudoestehoje.com.br\/novoportal\/2019\/03\/25\/justica-federal-manda-soltar-michel-temer\/","title":{"rendered":"JUSTI\u00c7A FEDERAL MANDA SOLTAR MICHEL TEMER"},"content":{"rendered":"<p><a href=\"https:\/\/www.sudoestehoje.com.br\/novoportal\/wp-content\/uploads\/2019\/03\/temer-solto.jpg\"><img loading=\"lazy\" decoding=\"async\" class=\"aligncenter size-medium wp-image-78880\" src=\"https:\/\/www.sudoestehoje.com.br\/novoportal\/wp-content\/uploads\/2019\/03\/temer-solto-500x302.jpg\" alt=\"\" width=\"500\" height=\"302\" srcset=\"https:\/\/www.sudoestehoje.com.br\/novoportal\/wp-content\/uploads\/2019\/03\/temer-solto-500x302.jpg 500w, https:\/\/www.sudoestehoje.com.br\/novoportal\/wp-content\/uploads\/2019\/03\/temer-solto.jpg 675w\" sizes=\"auto, (max-width: 500px) 100vw, 500px\" \/><\/a><\/p>\n<p>O ex-presidente\u00a0<a href=\"https:\/\/veja.abril.com.br\/noticias-sobre\/michel-temer\/\"><strong>Michel Temer (MDB)<\/strong><\/a>\u00a0conseguiu um\u00a0<em>habeas corpus<\/em> no Tribunal Regional Federal da 2\u00aa Regi\u00e3o (TRF 2), na tarde desta segunda-feira (25), concedido pelo desembargador Antonio Ivan Athi\u00e9.<\/p>\n<p>A decis\u00e3o do desembargador tamb\u00e9m beneficia todos os presos na Opera\u00e7\u00e3o Descontamina\u00e7\u00e3o, deflagrada na \u00faltima quinta-feira, 21 \u2014 incluindo o ex-ministro Moreira Franco e Jo\u00e3o Baptista Lima Filho, o Coronel Lima, ex-assessor de Temer.<\/p>\n<p>Os acusados pelo Minist\u00e9rio P\u00fablico Federal foram presos por ordem do juiz federal Marcelo Bretas, da 7\u00aa Vara Federal Criminal do Rio de Janeiro.<\/p>\n<p>A decis\u00e3o foi tomada no \u00e2mbito de uma investiga\u00e7\u00e3o que apura corrup\u00e7\u00e3o na estatal Eletronuclear, sobre a qual Temer exerceria influ\u00eancia.<\/p>\n<p>&nbsp;<\/p>\n","protected":false},"excerpt":{"rendered":"<p>O ex-presidente\u00a0Michel Temer (MDB)\u00a0conseguiu um\u00a0habeas corpus no Tribunal Regional Federal da 2\u00aa Regi\u00e3o (TRF 2), na tarde desta segunda-feira (25), concedido pelo desembargador Antonio Ivan Athi\u00e9. A decis\u00e3o do desembargador tamb\u00e9m beneficia todos os presos na Opera\u00e7\u00e3o Descontamina\u00e7\u00e3o, deflagrada na \u00faltima quinta-feira, 21 \u2014 incluindo o ex-ministro Moreira Franco e Jo\u00e3o Baptista Lima Filho, o [&hellip;]<\/p>\n","protected":false},"author":2,"featured_media":78880,"comment_status":"open","ping_status":"open","sticky":false,"template":"","format":"standard","meta":{"footnotes":"","_links_to":"","_links_to_target":""},"categories":[1],"tags":[],"class_list":["post-78879","post","type-post","status-publish","format-standard","has-post-thumbnail","hentry","category-geral"],"views":848,"_links":{"self":[{"href":"https:\/\/www.sudoestehoje.com.br\/novoportal\/wp-json\/wp\/v2\/posts\/78879","targetHints":{"allow":["GET"]}}],"collection":[{"href":"https:\/\/www.sudoestehoje.com.br\/novoportal\/wp-json\/wp\/v2\/posts"}],"about":[{"href":"https:\/\/www.sudoestehoje.com.br\/novoportal\/wp-json\/wp\/v2\/types\/post"}],"author":[{"embeddable":true,"href":"https:\/\/www.sudoestehoje.com.br\/novoportal\/wp-json\/wp\/v2\/users\/2"}],"replies":[{"embeddable":true,"href":"https:\/\/www.sudoestehoje.com.br\/novoportal\/wp-json\/wp\/v2\/comments?post=78879"}],"version-history":[{"count":1,"href":"https:\/\/www.sudoestehoje.com.br\/novoportal\/wp-json\/wp\/v2\/posts\/78879\/revisions"}],"predecessor-version":[{"id":78881,"href":"https:\/\/www.sudoestehoje.com.br\/novoportal\/wp-json\/wp\/v2\/posts\/78879\/revisions\/78881"}],"wp:featuredmedia":[{"embeddable":true,"href":"https:\/\/www.sudoestehoje.com.br\/novoportal\/wp-json\/wp\/v2\/media\/78880"}],"wp:attachment":[{"href":"https:\/\/www.sudoestehoje.com.br\/novoportal\/wp-json\/wp\/v2\/media?parent=78879"}],"wp:term":[{"taxonomy":"category","embeddable":true,"href":"https:\/\/www.sudoestehoje.com.br\/novoportal\/wp-json\/wp\/v2\/categories?post=78879"},{"taxonomy":"post_tag","embeddable":true,"href":"https:\/\/www.sudoestehoje.com.br\/novoportal\/wp-json\/wp\/v2\/tags?post=78879"}],"curies":[{"name":"wp","href":"https:\/\/api.w.org\/{rel}","templated":true}]}}