
{"id":78872,"date":"2019-03-25T11:18:20","date_gmt":"2019-03-25T14:18:20","guid":{"rendered":"https:\/\/www.sudoestehoje.com.br\/novoportal\/?p=78872"},"modified":"2019-03-25T12:02:41","modified_gmt":"2019-03-25T15:02:41","slug":"itapetinga-obras-do-acesso-a-ba-263-recomecam-esta-semana-diz-engenheiro","status":"publish","type":"post","link":"https:\/\/www.sudoestehoje.com.br\/novoportal\/2019\/03\/25\/itapetinga-obras-do-acesso-a-ba-263-recomecam-esta-semana-diz-engenheiro\/","title":{"rendered":"ITAPETINGA: OBRAS DO ACESSO \u00c0 BA-263 RECOME\u00c7AM ESTA SEMANA, DIZ ENGENHEIRO"},"content":{"rendered":"<p><a href=\"https:\/\/www.sudoestehoje.com.br\/novoportal\/wp-content\/uploads\/2019\/03\/acesso-263.jpg\"><img loading=\"lazy\" decoding=\"async\" class=\"aligncenter size-medium wp-image-78874\" src=\"https:\/\/www.sudoestehoje.com.br\/novoportal\/wp-content\/uploads\/2019\/03\/acesso-263-500x281.jpg\" alt=\"\" width=\"500\" height=\"281\" srcset=\"https:\/\/www.sudoestehoje.com.br\/novoportal\/wp-content\/uploads\/2019\/03\/acesso-263-500x281.jpg 500w, https:\/\/www.sudoestehoje.com.br\/novoportal\/wp-content\/uploads\/2019\/03\/acesso-263.jpg 768w, https:\/\/www.sudoestehoje.com.br\/novoportal\/wp-content\/uploads\/2019\/03\/acesso-263-700x394.jpg 700w\" sizes=\"auto, (max-width: 500px) 100vw, 500px\" \/><\/a><\/p>\n<p>De acordo com o engenheiro da SEINFRA, Dr. Hemyson, as obras de asfaltamento do acesso \u00e0 BA-263, entre a Rodovi\u00e1ria e Parque de Exposi\u00e7\u00f5es, ter\u00e3o continuidade a partir desta semana, depois de um per\u00edodo de paralisa\u00e7\u00e3o.<\/p>\n<p>Segundo o representante da SEINFRA na regi\u00e3o, as refinarias em Cama\u00e7ari deixaram de produzir o produto b\u00e1sico do asfalto nesse per\u00edodo, o que j\u00e1 foi regularizado. Outro fator que vem causando atrasos nas obras s\u00e3o as chuvas torrenciais que caem na regi\u00e3o.<\/p>\n<p>Sobre as rotat\u00f3rias da rua 7 de Setembro com o Ponto Certo e do Derba, ser\u00e3o asfaltadas na fase final das obras de pavimenta\u00e7\u00e3o.<\/p>\n<p><strong><em>Por Davi Ferraz<\/em><\/strong><\/p>\n","protected":false},"excerpt":{"rendered":"<p>De acordo com o engenheiro da SEINFRA, Dr. Hemyson, as obras de asfaltamento do acesso \u00e0 BA-263, entre a Rodovi\u00e1ria e Parque de Exposi\u00e7\u00f5es, ter\u00e3o continuidade a partir desta semana, depois de um per\u00edodo de paralisa\u00e7\u00e3o. Segundo o representante da SEINFRA na regi\u00e3o, as refinarias em Cama\u00e7ari deixaram de produzir o produto b\u00e1sico do asfalto [&hellip;]<\/p>\n","protected":false},"author":2,"featured_media":78874,"comment_status":"open","ping_status":"open","sticky":false,"template":"","format":"standard","meta":{"footnotes":"","_links_to":"","_links_to_target":""},"categories":[1],"tags":[],"class_list":["post-78872","post","type-post","status-publish","format-standard","has-post-thumbnail","hentry","category-geral"],"views":807,"_links":{"self":[{"href":"https:\/\/www.sudoestehoje.com.br\/novoportal\/wp-json\/wp\/v2\/posts\/78872","targetHints":{"allow":["GET"]}}],"collection":[{"href":"https:\/\/www.sudoestehoje.com.br\/novoportal\/wp-json\/wp\/v2\/posts"}],"about":[{"href":"https:\/\/www.sudoestehoje.com.br\/novoportal\/wp-json\/wp\/v2\/types\/post"}],"author":[{"embeddable":true,"href":"https:\/\/www.sudoestehoje.com.br\/novoportal\/wp-json\/wp\/v2\/users\/2"}],"replies":[{"embeddable":true,"href":"https:\/\/www.sudoestehoje.com.br\/novoportal\/wp-json\/wp\/v2\/comments?post=78872"}],"version-history":[{"count":5,"href":"https:\/\/www.sudoestehoje.com.br\/novoportal\/wp-json\/wp\/v2\/posts\/78872\/revisions"}],"predecessor-version":[{"id":78878,"href":"https:\/\/www.sudoestehoje.com.br\/novoportal\/wp-json\/wp\/v2\/posts\/78872\/revisions\/78878"}],"wp:featuredmedia":[{"embeddable":true,"href":"https:\/\/www.sudoestehoje.com.br\/novoportal\/wp-json\/wp\/v2\/media\/78874"}],"wp:attachment":[{"href":"https:\/\/www.sudoestehoje.com.br\/novoportal\/wp-json\/wp\/v2\/media?parent=78872"}],"wp:term":[{"taxonomy":"category","embeddable":true,"href":"https:\/\/www.sudoestehoje.com.br\/novoportal\/wp-json\/wp\/v2\/categories?post=78872"},{"taxonomy":"post_tag","embeddable":true,"href":"https:\/\/www.sudoestehoje.com.br\/novoportal\/wp-json\/wp\/v2\/tags?post=78872"}],"curies":[{"name":"wp","href":"https:\/\/api.w.org\/{rel}","templated":true}]}}