
{"id":78858,"date":"2019-03-22T20:34:09","date_gmt":"2019-03-22T23:34:09","guid":{"rendered":"https:\/\/www.sudoestehoje.com.br\/novoportal\/?p=78858"},"modified":"2019-03-22T20:34:09","modified_gmt":"2019-03-22T23:34:09","slug":"marinha-alerta-sobre-ciclone-tropical-na-costa-da-bahia-a-partir-deste-sabado","status":"publish","type":"post","link":"https:\/\/www.sudoestehoje.com.br\/novoportal\/2019\/03\/22\/marinha-alerta-sobre-ciclone-tropical-na-costa-da-bahia-a-partir-deste-sabado\/","title":{"rendered":"MARINHA ALERTA SOBRE CICLONE TROPICAL NA COSTA DA BAHIA A PARTIR DESTE S\u00c1BADO"},"content":{"rendered":"<p><a href=\"https:\/\/www.sudoestehoje.com.br\/novoportal\/wp-content\/uploads\/2019\/03\/ciclone-climatempo-1000x530.jpg\"><img loading=\"lazy\" decoding=\"async\" class=\"aligncenter size-medium wp-image-78861\" src=\"https:\/\/www.sudoestehoje.com.br\/novoportal\/wp-content\/uploads\/2019\/03\/ciclone-climatempo-1000x530-500x265.jpg\" alt=\"\" width=\"500\" height=\"265\" srcset=\"https:\/\/www.sudoestehoje.com.br\/novoportal\/wp-content\/uploads\/2019\/03\/ciclone-climatempo-1000x530-500x265.jpg 500w, https:\/\/www.sudoestehoje.com.br\/novoportal\/wp-content\/uploads\/2019\/03\/ciclone-climatempo-1000x530-768x407.jpg 768w, https:\/\/www.sudoestehoje.com.br\/novoportal\/wp-content\/uploads\/2019\/03\/ciclone-climatempo-1000x530-700x371.jpg 700w, https:\/\/www.sudoestehoje.com.br\/novoportal\/wp-content\/uploads\/2019\/03\/ciclone-climatempo-1000x530.jpg 1000w\" sizes=\"auto, (max-width: 500px) 100vw, 500px\" \/><\/a><\/p>\n<p>A Marinha do Brasil divulgou uma nota nesta quinta-feira (21) para alertar sobre a forma\u00e7\u00e3o de um ciclone tropical na costa do pa\u00eds. O fen\u00f4meno poder\u00e1 ocorrer entre este s\u00e1bado (23) e a ter\u00e7a-feira (26), sobre o Oceano Atl\u00e2ntico, principalmente no alto-mar ao leste dos estados da Bahia e do Esp\u00edrito Santo.<\/p>\n<p>A previs\u00e3o foi feita pelo Centro de Hidrografia Marinha (CHM) em parceria com o Centro de Previs\u00e3o de Tempo e Estudos Clim\u00e1ticos (CPTEC\/Inpe). O \u00f3rg\u00e3o explica que o sistema ocorrer\u00e1 principalmente no oceano, associado a uma chuva intensa, \u201ccom volumes significativos e ventos intensos, com rajadas\u201d, podendo chegar a at\u00e9 89 km\/h.<\/p>\n<p>N\u00e3o est\u00e1 descartada a possibilidade de que os ventos atinjam tamb\u00e9m a costa do Rio de Janeiro, al\u00e9m da Bahia e do Esp\u00edrito Santo. A Marinha e o Inpe acompanhar\u00e3o toda a forma\u00e7\u00e3o do sistema nos pr\u00f3ximos dias, com informa\u00e7\u00f5es pelas redes sociais. O alerta vale principalmente para quem pretende se al\u00e7ar ao alto-mar no final de semana \u2013 \u00e9 importante consulta o cen\u00e1rio antes de sair.<\/p>\n","protected":false},"excerpt":{"rendered":"<p>A Marinha do Brasil divulgou uma nota nesta quinta-feira (21) para alertar sobre a forma\u00e7\u00e3o de um ciclone tropical na costa do pa\u00eds. O fen\u00f4meno poder\u00e1 ocorrer entre este s\u00e1bado (23) e a ter\u00e7a-feira (26), sobre o Oceano Atl\u00e2ntico, principalmente no alto-mar ao leste dos estados da Bahia e do Esp\u00edrito Santo. A previs\u00e3o foi [&hellip;]<\/p>\n","protected":false},"author":2,"featured_media":78861,"comment_status":"open","ping_status":"open","sticky":false,"template":"","format":"standard","meta":{"footnotes":"","_links_to":"","_links_to_target":""},"categories":[1],"tags":[],"class_list":["post-78858","post","type-post","status-publish","format-standard","has-post-thumbnail","hentry","category-geral"],"views":825,"_links":{"self":[{"href":"https:\/\/www.sudoestehoje.com.br\/novoportal\/wp-json\/wp\/v2\/posts\/78858","targetHints":{"allow":["GET"]}}],"collection":[{"href":"https:\/\/www.sudoestehoje.com.br\/novoportal\/wp-json\/wp\/v2\/posts"}],"about":[{"href":"https:\/\/www.sudoestehoje.com.br\/novoportal\/wp-json\/wp\/v2\/types\/post"}],"author":[{"embeddable":true,"href":"https:\/\/www.sudoestehoje.com.br\/novoportal\/wp-json\/wp\/v2\/users\/2"}],"replies":[{"embeddable":true,"href":"https:\/\/www.sudoestehoje.com.br\/novoportal\/wp-json\/wp\/v2\/comments?post=78858"}],"version-history":[{"count":3,"href":"https:\/\/www.sudoestehoje.com.br\/novoportal\/wp-json\/wp\/v2\/posts\/78858\/revisions"}],"predecessor-version":[{"id":78862,"href":"https:\/\/www.sudoestehoje.com.br\/novoportal\/wp-json\/wp\/v2\/posts\/78858\/revisions\/78862"}],"wp:featuredmedia":[{"embeddable":true,"href":"https:\/\/www.sudoestehoje.com.br\/novoportal\/wp-json\/wp\/v2\/media\/78861"}],"wp:attachment":[{"href":"https:\/\/www.sudoestehoje.com.br\/novoportal\/wp-json\/wp\/v2\/media?parent=78858"}],"wp:term":[{"taxonomy":"category","embeddable":true,"href":"https:\/\/www.sudoestehoje.com.br\/novoportal\/wp-json\/wp\/v2\/categories?post=78858"},{"taxonomy":"post_tag","embeddable":true,"href":"https:\/\/www.sudoestehoje.com.br\/novoportal\/wp-json\/wp\/v2\/tags?post=78858"}],"curies":[{"name":"wp","href":"https:\/\/api.w.org\/{rel}","templated":true}]}}