
{"id":78833,"date":"2019-03-21T18:25:07","date_gmt":"2019-03-21T21:25:07","guid":{"rendered":"https:\/\/www.sudoestehoje.com.br\/novoportal\/?p=78833"},"modified":"2019-03-22T10:00:48","modified_gmt":"2019-03-22T13:00:48","slug":"itapetinga-chuvas-de-sao-jose-aliviam-o-calorao-e-trazem-animo-a-regiao","status":"publish","type":"post","link":"https:\/\/www.sudoestehoje.com.br\/novoportal\/2019\/03\/21\/itapetinga-chuvas-de-sao-jose-aliviam-o-calorao-e-trazem-animo-a-regiao\/","title":{"rendered":"ITAPETINGA: CHUVAS DE S\u00c3O JOS\u00c9 ALIVIAM O CALOR\u00c3O E TRAZEM \u00c2NIMO \u00c0 REGI\u00c3O"},"content":{"rendered":"<p><a href=\"https:\/\/www.sudoestehoje.com.br\/novoportal\/wp-content\/uploads\/2019\/03\/CHUVAS-HOJA.jpg\"><img loading=\"lazy\" decoding=\"async\" class=\"aligncenter size-medium wp-image-78836\" src=\"https:\/\/www.sudoestehoje.com.br\/novoportal\/wp-content\/uploads\/2019\/03\/CHUVAS-HOJA-500x375.jpg\" alt=\"\" width=\"500\" height=\"375\" srcset=\"https:\/\/www.sudoestehoje.com.br\/novoportal\/wp-content\/uploads\/2019\/03\/CHUVAS-HOJA-500x375.jpg 500w, https:\/\/www.sudoestehoje.com.br\/novoportal\/wp-content\/uploads\/2019\/03\/CHUVAS-HOJA-768x576.jpg 768w, https:\/\/www.sudoestehoje.com.br\/novoportal\/wp-content\/uploads\/2019\/03\/CHUVAS-HOJA-700x525.jpg 700w, https:\/\/www.sudoestehoje.com.br\/novoportal\/wp-content\/uploads\/2019\/03\/CHUVAS-HOJA.jpg 960w\" sizes=\"auto, (max-width: 500px) 100vw, 500px\" \/><\/a><\/p>\n<p>Ap\u00f3s tr\u00eas meses de sol escaldante, voltou a chover em Itapetinga e cidades do M\u00e9dio Sudoeste, aliviando o calor\u00e3o e os efeitos da estiagem nas propriedades rurais e zona urbana.<\/p>\n<p>As chuvas come\u00e7aram a cair j\u00e1 na madrugada desta quarta (19), confirmando a tradi\u00e7\u00e3o de S\u00e3o Jos\u00e9, santo padroeiro de Itapetinga.<\/p>\n<p>Nesta quinta o tempo continuou fechado e por volta das 9h da manh\u00e3, choveu forte por quase meia hora, diminuindo no decorrer do dia.<\/p>\n<p>Na Coopardo, local onde se concentram os pecuarista e negociantes de gado em Itapetinga, a euforia era grande e a esperan\u00e7a \u00e9 de que as chuvas de outono tragam novo \u00e2nimo \u00e0 pecu\u00e1ria e agricultura regional.<\/p>\n<p>Como manda a tradi\u00e7\u00e3o, t\u00e1 na hora de plantar o milho pra colher no S\u00e3o Jo\u00e3o.<\/p>\n<p><strong><em>Por Davi Ferraz\u00a0<\/em><\/strong><\/p>\n","protected":false},"excerpt":{"rendered":"<p>Ap\u00f3s tr\u00eas meses de sol escaldante, voltou a chover em Itapetinga e cidades do M\u00e9dio Sudoeste, aliviando o calor\u00e3o e os efeitos da estiagem nas propriedades rurais e zona urbana. As chuvas come\u00e7aram a cair j\u00e1 na madrugada desta quarta (19), confirmando a tradi\u00e7\u00e3o de S\u00e3o Jos\u00e9, santo padroeiro de Itapetinga. Nesta quinta o tempo [&hellip;]<\/p>\n","protected":false},"author":2,"featured_media":78836,"comment_status":"open","ping_status":"open","sticky":false,"template":"","format":"standard","meta":{"footnotes":"","_links_to":"","_links_to_target":""},"categories":[1],"tags":[],"class_list":["post-78833","post","type-post","status-publish","format-standard","has-post-thumbnail","hentry","category-geral"],"views":1103,"_links":{"self":[{"href":"https:\/\/www.sudoestehoje.com.br\/novoportal\/wp-json\/wp\/v2\/posts\/78833","targetHints":{"allow":["GET"]}}],"collection":[{"href":"https:\/\/www.sudoestehoje.com.br\/novoportal\/wp-json\/wp\/v2\/posts"}],"about":[{"href":"https:\/\/www.sudoestehoje.com.br\/novoportal\/wp-json\/wp\/v2\/types\/post"}],"author":[{"embeddable":true,"href":"https:\/\/www.sudoestehoje.com.br\/novoportal\/wp-json\/wp\/v2\/users\/2"}],"replies":[{"embeddable":true,"href":"https:\/\/www.sudoestehoje.com.br\/novoportal\/wp-json\/wp\/v2\/comments?post=78833"}],"version-history":[{"count":5,"href":"https:\/\/www.sudoestehoje.com.br\/novoportal\/wp-json\/wp\/v2\/posts\/78833\/revisions"}],"predecessor-version":[{"id":78855,"href":"https:\/\/www.sudoestehoje.com.br\/novoportal\/wp-json\/wp\/v2\/posts\/78833\/revisions\/78855"}],"wp:featuredmedia":[{"embeddable":true,"href":"https:\/\/www.sudoestehoje.com.br\/novoportal\/wp-json\/wp\/v2\/media\/78836"}],"wp:attachment":[{"href":"https:\/\/www.sudoestehoje.com.br\/novoportal\/wp-json\/wp\/v2\/media?parent=78833"}],"wp:term":[{"taxonomy":"category","embeddable":true,"href":"https:\/\/www.sudoestehoje.com.br\/novoportal\/wp-json\/wp\/v2\/categories?post=78833"},{"taxonomy":"post_tag","embeddable":true,"href":"https:\/\/www.sudoestehoje.com.br\/novoportal\/wp-json\/wp\/v2\/tags?post=78833"}],"curies":[{"name":"wp","href":"https:\/\/api.w.org\/{rel}","templated":true}]}}