
{"id":78789,"date":"2019-03-19T10:54:07","date_gmt":"2019-03-19T13:54:07","guid":{"rendered":"https:\/\/www.sudoestehoje.com.br\/novoportal\/?p=78789"},"modified":"2019-03-19T10:54:07","modified_gmt":"2019-03-19T13:54:07","slug":"salvador-chamas-de-incendio-em-fabrica-de-colchoes-chegam-a-30-metros-de-altura","status":"publish","type":"post","link":"https:\/\/www.sudoestehoje.com.br\/novoportal\/2019\/03\/19\/salvador-chamas-de-incendio-em-fabrica-de-colchoes-chegam-a-30-metros-de-altura\/","title":{"rendered":"SALVADOR: CHAMAS DE INC\u00caNDIO EM F\u00c1BRICA DE COLCH\u00d5ES CHEGAM A 30 METROS DE ALTURA"},"content":{"rendered":"<p><a href=\"https:\/\/www.sudoestehoje.com.br\/novoportal\/wp-content\/uploads\/2019\/03\/incendio-valeria.jpeg\"><img loading=\"lazy\" decoding=\"async\" class=\"aligncenter size-medium wp-image-78790\" src=\"https:\/\/www.sudoestehoje.com.br\/novoportal\/wp-content\/uploads\/2019\/03\/incendio-valeria-500x309.jpeg\" alt=\"\" width=\"500\" height=\"309\" srcset=\"https:\/\/www.sudoestehoje.com.br\/novoportal\/wp-content\/uploads\/2019\/03\/incendio-valeria-500x309.jpeg 500w, https:\/\/www.sudoestehoje.com.br\/novoportal\/wp-content\/uploads\/2019\/03\/incendio-valeria-768x475.jpeg 768w, https:\/\/www.sudoestehoje.com.br\/novoportal\/wp-content\/uploads\/2019\/03\/incendio-valeria-700x433.jpeg 700w, https:\/\/www.sudoestehoje.com.br\/novoportal\/wp-content\/uploads\/2019\/03\/incendio-valeria.jpeg 940w\" sizes=\"auto, (max-width: 500px) 100vw, 500px\" \/><\/a><\/p>\n<p class=\"bodytext\">As chamas do\u00a0<strong><a href=\"https:\/\/www.correio24horas.com.br\/noticia\/nid\/fabrica-de-colchoes-pega-fogo-no-bairro-de-valeria\/\" target=\"_blank\" rel=\"noopener noreferrer\">inc\u00eandio que come\u00e7ou na manh\u00e3 desta ter\u00e7a-feira (19) na f\u00e1brica de colch\u00f5es da empresa Ortobom<\/a><\/strong>, no bairro de Val\u00e9ria, chegaram a atingir 30 metros, segundo informa\u00e7\u00f5es do Corpo de Bombeiros. Por precau\u00e7\u00e3o, cerca de 15 fam\u00edlias que vivem no entorno da f\u00e1brica, nas ruas\u00a0Eurico Temporal e Marcelino Garrido,\u00a0foram obrigadas a deixar as suas casas.\u00a0Segundo informa\u00e7\u00f5es do Corpo de Bombeiros, quatro viaturas est\u00e3o atuando no combate ao fogo.<\/p>\n<p class=\"bodytext\">A fuma\u00e7a pode ser vista em diversos pontos de Salvador, como a Avenida Paralela e a BR-324. As chamas come\u00e7aram por volta das 5h50, na Rua Eurico Temporal. Os brigadistas do estabelecimento iniciaram o combate, mas, por conter muito material inflam\u00e1vel, as chamas se propagaram muito r\u00e1pido. Segundo o Corpo de Bombeiros, n\u00e3o h\u00e1 registro de v\u00edtimas e as causas do inc\u00eandio ainda s\u00e3o desconhecidas.<em>\/\/Correio<\/em><\/p>\n","protected":false},"excerpt":{"rendered":"<p>As chamas do\u00a0inc\u00eandio que come\u00e7ou na manh\u00e3 desta ter\u00e7a-feira (19) na f\u00e1brica de colch\u00f5es da empresa Ortobom, no bairro de Val\u00e9ria, chegaram a atingir 30 metros, segundo informa\u00e7\u00f5es do Corpo de Bombeiros. Por precau\u00e7\u00e3o, cerca de 15 fam\u00edlias que vivem no entorno da f\u00e1brica, nas ruas\u00a0Eurico Temporal e Marcelino Garrido,\u00a0foram obrigadas a deixar as suas [&hellip;]<\/p>\n","protected":false},"author":2,"featured_media":78790,"comment_status":"open","ping_status":"open","sticky":false,"template":"","format":"standard","meta":{"footnotes":"","_links_to":"","_links_to_target":""},"categories":[1],"tags":[],"class_list":["post-78789","post","type-post","status-publish","format-standard","has-post-thumbnail","hentry","category-geral"],"views":731,"_links":{"self":[{"href":"https:\/\/www.sudoestehoje.com.br\/novoportal\/wp-json\/wp\/v2\/posts\/78789","targetHints":{"allow":["GET"]}}],"collection":[{"href":"https:\/\/www.sudoestehoje.com.br\/novoportal\/wp-json\/wp\/v2\/posts"}],"about":[{"href":"https:\/\/www.sudoestehoje.com.br\/novoportal\/wp-json\/wp\/v2\/types\/post"}],"author":[{"embeddable":true,"href":"https:\/\/www.sudoestehoje.com.br\/novoportal\/wp-json\/wp\/v2\/users\/2"}],"replies":[{"embeddable":true,"href":"https:\/\/www.sudoestehoje.com.br\/novoportal\/wp-json\/wp\/v2\/comments?post=78789"}],"version-history":[{"count":1,"href":"https:\/\/www.sudoestehoje.com.br\/novoportal\/wp-json\/wp\/v2\/posts\/78789\/revisions"}],"predecessor-version":[{"id":78791,"href":"https:\/\/www.sudoestehoje.com.br\/novoportal\/wp-json\/wp\/v2\/posts\/78789\/revisions\/78791"}],"wp:featuredmedia":[{"embeddable":true,"href":"https:\/\/www.sudoestehoje.com.br\/novoportal\/wp-json\/wp\/v2\/media\/78790"}],"wp:attachment":[{"href":"https:\/\/www.sudoestehoje.com.br\/novoportal\/wp-json\/wp\/v2\/media?parent=78789"}],"wp:term":[{"taxonomy":"category","embeddable":true,"href":"https:\/\/www.sudoestehoje.com.br\/novoportal\/wp-json\/wp\/v2\/categories?post=78789"},{"taxonomy":"post_tag","embeddable":true,"href":"https:\/\/www.sudoestehoje.com.br\/novoportal\/wp-json\/wp\/v2\/tags?post=78789"}],"curies":[{"name":"wp","href":"https:\/\/api.w.org\/{rel}","templated":true}]}}