
{"id":78785,"date":"2019-03-19T10:18:41","date_gmt":"2019-03-19T13:18:41","guid":{"rendered":"https:\/\/www.sudoestehoje.com.br\/novoportal\/?p=78785"},"modified":"2019-03-19T10:18:41","modified_gmt":"2019-03-19T13:18:41","slug":"macarani-prefeito-miller-ferraz-agradece-empenho-de-ze-rocha-em-favor-do-municipio","status":"publish","type":"post","link":"https:\/\/www.sudoestehoje.com.br\/novoportal\/2019\/03\/19\/macarani-prefeito-miller-ferraz-agradece-empenho-de-ze-rocha-em-favor-do-municipio\/","title":{"rendered":"MACARANI: PREFEITO MILLER FERRAZ AGRADECE EMPENHO DE Z\u00c9 ROCHA EM FAVOR DO MUNIC\u00cdPIO"},"content":{"rendered":"<p><a href=\"https:\/\/www.sudoestehoje.com.br\/novoportal\/wp-content\/uploads\/2019\/03\/MILLER-E-Z\u00c9-ROCHA.jpeg\"><img loading=\"lazy\" decoding=\"async\" class=\"aligncenter size-medium wp-image-78787\" src=\"https:\/\/www.sudoestehoje.com.br\/novoportal\/wp-content\/uploads\/2019\/03\/MILLER-E-Z\u00c9-ROCHA-500x401.jpeg\" alt=\"\" width=\"500\" height=\"401\" srcset=\"https:\/\/www.sudoestehoje.com.br\/novoportal\/wp-content\/uploads\/2019\/03\/MILLER-E-Z\u00c9-ROCHA-500x401.jpeg 500w, https:\/\/www.sudoestehoje.com.br\/novoportal\/wp-content\/uploads\/2019\/03\/MILLER-E-Z\u00c9-ROCHA.jpeg 586w\" sizes=\"auto, (max-width: 500px) 100vw, 500px\" \/><\/a><\/p>\n<p>Em viagem \u00e0 Salvador, o prefeito de Macarani, Miller Ferraz (MDB), esteve nesta segunda-feira (18) com o deputado federal Jos\u00e9 Rocha (PR), para tra\u00e7aram metas para o ano de 2019, na busca de novos recursos na \u00e1rea federal, para investir no munic\u00edpio.<\/p>\n<p>O Deputado Federal Z\u00e9 Rocha \u00e9 l\u00edder em emendas parlamentares destinadas ao munic\u00edpio de Macarani, aplicadas em quase que todas as \u00e1reas p\u00fablicas, na parceria entre o prefeito Miller e o deputado.<\/p>\n<p>O parlamentar j\u00e1 enviou a Macarani, R$ 1,8 milh\u00f5es em emendas parlamentares, distribu\u00eddas para as obras revitaliza\u00e7\u00e3o do Parque da Lagoa, no Bairro Marjorie Parque, custeio da sa\u00fade e aquisi\u00e7\u00e3o de equipamentos destinados ao Hospital S\u00e3o Pedro.<\/p>\n<p>Al\u00e9m das emendas, o deputado federal disponibilizou ao munic\u00edpio duas ambul\u00e2ncias, 2 consult\u00f3rios odontol\u00f3gicos, 1 trator agr\u00edcola, pavimenta\u00e7\u00e3o do Conjunto Habitacional Ant\u00f4nio Beir\u00e3o, al\u00e9m de recursos federais para a constru\u00e7\u00e3o de duas pra\u00e7as p\u00fablicas.<\/p>\n<p>O prefeito\u00a0Miller Ferraz tem destacado o apoio do deputado Z\u00e9 Rocha nas a\u00e7\u00f5es da sua administra\u00e7\u00e3o, com papel importante para o desenvolvimento do munic\u00edpio.<em> &#8220;No encontro, tive a oportunidade de agradecer-lhe os v\u00e1rios benef\u00edcios em emendas parlamentares e conv\u00eanios que juntos conseguimos para Macarani.<strong>&#8221; \/\/Ascom<\/strong><\/em><\/p>\n","protected":false},"excerpt":{"rendered":"<p>Em viagem \u00e0 Salvador, o prefeito de Macarani, Miller Ferraz (MDB), esteve nesta segunda-feira (18) com o deputado federal Jos\u00e9 Rocha (PR), para tra\u00e7aram metas para o ano de 2019, na busca de novos recursos na \u00e1rea federal, para investir no munic\u00edpio. O Deputado Federal Z\u00e9 Rocha \u00e9 l\u00edder em emendas parlamentares destinadas ao munic\u00edpio [&hellip;]<\/p>\n","protected":false},"author":2,"featured_media":78787,"comment_status":"open","ping_status":"open","sticky":false,"template":"","format":"standard","meta":{"footnotes":"","_links_to":"","_links_to_target":""},"categories":[1],"tags":[],"class_list":["post-78785","post","type-post","status-publish","format-standard","has-post-thumbnail","hentry","category-geral"],"views":808,"_links":{"self":[{"href":"https:\/\/www.sudoestehoje.com.br\/novoportal\/wp-json\/wp\/v2\/posts\/78785","targetHints":{"allow":["GET"]}}],"collection":[{"href":"https:\/\/www.sudoestehoje.com.br\/novoportal\/wp-json\/wp\/v2\/posts"}],"about":[{"href":"https:\/\/www.sudoestehoje.com.br\/novoportal\/wp-json\/wp\/v2\/types\/post"}],"author":[{"embeddable":true,"href":"https:\/\/www.sudoestehoje.com.br\/novoportal\/wp-json\/wp\/v2\/users\/2"}],"replies":[{"embeddable":true,"href":"https:\/\/www.sudoestehoje.com.br\/novoportal\/wp-json\/wp\/v2\/comments?post=78785"}],"version-history":[{"count":2,"href":"https:\/\/www.sudoestehoje.com.br\/novoportal\/wp-json\/wp\/v2\/posts\/78785\/revisions"}],"predecessor-version":[{"id":78788,"href":"https:\/\/www.sudoestehoje.com.br\/novoportal\/wp-json\/wp\/v2\/posts\/78785\/revisions\/78788"}],"wp:featuredmedia":[{"embeddable":true,"href":"https:\/\/www.sudoestehoje.com.br\/novoportal\/wp-json\/wp\/v2\/media\/78787"}],"wp:attachment":[{"href":"https:\/\/www.sudoestehoje.com.br\/novoportal\/wp-json\/wp\/v2\/media?parent=78785"}],"wp:term":[{"taxonomy":"category","embeddable":true,"href":"https:\/\/www.sudoestehoje.com.br\/novoportal\/wp-json\/wp\/v2\/categories?post=78785"},{"taxonomy":"post_tag","embeddable":true,"href":"https:\/\/www.sudoestehoje.com.br\/novoportal\/wp-json\/wp\/v2\/tags?post=78785"}],"curies":[{"name":"wp","href":"https:\/\/api.w.org\/{rel}","templated":true}]}}