
{"id":78780,"date":"2019-03-19T09:31:08","date_gmt":"2019-03-19T12:31:08","guid":{"rendered":"https:\/\/www.sudoestehoje.com.br\/novoportal\/?p=78780"},"modified":"2019-03-19T09:40:25","modified_gmt":"2019-03-19T12:40:25","slug":"deputado-marcell-moraes-quer-acabar-com-os-zoologicos-na-bahia","status":"publish","type":"post","link":"https:\/\/www.sudoestehoje.com.br\/novoportal\/2019\/03\/19\/deputado-marcell-moraes-quer-acabar-com-os-zoologicos-na-bahia\/","title":{"rendered":"DEPUTADO MARCELL MORAES QUER ACABAR COM TODOS OS ZOOL\u00d3GICOS NA BAHIA"},"content":{"rendered":"<p><a href=\"https:\/\/www.sudoestehoje.com.br\/novoportal\/wp-content\/uploads\/2019\/03\/mata.jpg\"><img loading=\"lazy\" decoding=\"async\" class=\"aligncenter size-medium wp-image-78781\" src=\"https:\/\/www.sudoestehoje.com.br\/novoportal\/wp-content\/uploads\/2019\/03\/mata-500x300.jpg\" alt=\"\" width=\"500\" height=\"300\" srcset=\"https:\/\/www.sudoestehoje.com.br\/novoportal\/wp-content\/uploads\/2019\/03\/mata-500x300.jpg 500w, https:\/\/www.sudoestehoje.com.br\/novoportal\/wp-content\/uploads\/2019\/03\/mata-768x461.jpg 768w, https:\/\/www.sudoestehoje.com.br\/novoportal\/wp-content\/uploads\/2019\/03\/mata-700x420.jpg 700w, https:\/\/www.sudoestehoje.com.br\/novoportal\/wp-content\/uploads\/2019\/03\/mata.jpg 960w\" sizes=\"auto, (max-width: 500px) 100vw, 500px\" \/><\/a><\/p>\n<p>De acordo com postagem no Blog do Anderson, o deputado estadual Marcell Moraes, vem lutando pelo fim dos zool\u00f3gicos na Bahia e j\u00e1 apresentou um Projeto de Lei n\u00ba 21.239\/2015 na Assembleia Legislativa para a proibi\u00e7\u00e3o da implanta\u00e7\u00e3o e\/ou cria\u00e7\u00e3o de zool\u00f3gico no Estado.<em>\u00a0<\/em><\/p>\n<p><em>\u201cOs animais n\u00e3o cometeram crime algum para terem pena perp\u00e9tua, isso \u00e9 uma total falta de respeito com todos\u00a0 que vivem nessas condi\u00e7\u00f5es. Seguirei na luta para a extin\u00e7\u00e3o do Zoo e cria\u00e7\u00e3o de um Centro de Recupera\u00e7\u00e3o para que esses animais possam voltar para seu habitat natural sem maiores preju\u00edzos\u201d,<\/em>afirmou Marcell nesta segunda-feira (18).<\/p>\n<p><a href=\"https:\/\/www.sudoestehoje.com.br\/novoportal\/wp-content\/uploads\/2019\/03\/MATINHA-FECHADA.jpg\"><img loading=\"lazy\" decoding=\"async\" class=\"aligncenter size-medium wp-image-78782\" src=\"https:\/\/www.sudoestehoje.com.br\/novoportal\/wp-content\/uploads\/2019\/03\/MATINHA-FECHADA-500x266.jpg\" alt=\"\" width=\"500\" height=\"266\" srcset=\"https:\/\/www.sudoestehoje.com.br\/novoportal\/wp-content\/uploads\/2019\/03\/MATINHA-FECHADA-500x266.jpg 500w, https:\/\/www.sudoestehoje.com.br\/novoportal\/wp-content\/uploads\/2019\/03\/MATINHA-FECHADA-768x409.jpg 768w, https:\/\/www.sudoestehoje.com.br\/novoportal\/wp-content\/uploads\/2019\/03\/MATINHA-FECHADA-700x372.jpg 700w, https:\/\/www.sudoestehoje.com.br\/novoportal\/wp-content\/uploads\/2019\/03\/MATINHA-FECHADA.jpg 940w\" sizes=\"auto, (max-width: 500px) 100vw, 500px\" \/><\/a><\/p>\n<p>Na Bahia s\u00f3 existem dois zool\u00f3gicos: o de Salvador e o Zoo-Matinha em Itapetinga, que est\u00e1 fechado h\u00e1 mais de 5 anos e j\u00e1 foi visitado pelo deputado Marcell Moraes e Herzem Gusm\u00e3o, em 2015.<\/p>\n","protected":false},"excerpt":{"rendered":"<p>De acordo com postagem no Blog do Anderson, o deputado estadual Marcell Moraes, vem lutando pelo fim dos zool\u00f3gicos na Bahia e j\u00e1 apresentou um Projeto de Lei n\u00ba 21.239\/2015 na Assembleia Legislativa para a proibi\u00e7\u00e3o da implanta\u00e7\u00e3o e\/ou cria\u00e7\u00e3o de zool\u00f3gico no Estado.\u00a0 \u201cOs animais n\u00e3o cometeram crime algum para terem pena perp\u00e9tua, isso [&hellip;]<\/p>\n","protected":false},"author":2,"featured_media":78781,"comment_status":"open","ping_status":"open","sticky":false,"template":"","format":"standard","meta":{"footnotes":"","_links_to":"","_links_to_target":""},"categories":[1],"tags":[],"class_list":["post-78780","post","type-post","status-publish","format-standard","has-post-thumbnail","hentry","category-geral"],"views":837,"_links":{"self":[{"href":"https:\/\/www.sudoestehoje.com.br\/novoportal\/wp-json\/wp\/v2\/posts\/78780","targetHints":{"allow":["GET"]}}],"collection":[{"href":"https:\/\/www.sudoestehoje.com.br\/novoportal\/wp-json\/wp\/v2\/posts"}],"about":[{"href":"https:\/\/www.sudoestehoje.com.br\/novoportal\/wp-json\/wp\/v2\/types\/post"}],"author":[{"embeddable":true,"href":"https:\/\/www.sudoestehoje.com.br\/novoportal\/wp-json\/wp\/v2\/users\/2"}],"replies":[{"embeddable":true,"href":"https:\/\/www.sudoestehoje.com.br\/novoportal\/wp-json\/wp\/v2\/comments?post=78780"}],"version-history":[{"count":2,"href":"https:\/\/www.sudoestehoje.com.br\/novoportal\/wp-json\/wp\/v2\/posts\/78780\/revisions"}],"predecessor-version":[{"id":78784,"href":"https:\/\/www.sudoestehoje.com.br\/novoportal\/wp-json\/wp\/v2\/posts\/78780\/revisions\/78784"}],"wp:featuredmedia":[{"embeddable":true,"href":"https:\/\/www.sudoestehoje.com.br\/novoportal\/wp-json\/wp\/v2\/media\/78781"}],"wp:attachment":[{"href":"https:\/\/www.sudoestehoje.com.br\/novoportal\/wp-json\/wp\/v2\/media?parent=78780"}],"wp:term":[{"taxonomy":"category","embeddable":true,"href":"https:\/\/www.sudoestehoje.com.br\/novoportal\/wp-json\/wp\/v2\/categories?post=78780"},{"taxonomy":"post_tag","embeddable":true,"href":"https:\/\/www.sudoestehoje.com.br\/novoportal\/wp-json\/wp\/v2\/tags?post=78780"}],"curies":[{"name":"wp","href":"https:\/\/api.w.org\/{rel}","templated":true}]}}