
{"id":78777,"date":"2019-03-19T01:25:55","date_gmt":"2019-03-19T04:25:55","guid":{"rendered":"https:\/\/www.sudoestehoje.com.br\/novoportal\/?p=78777"},"modified":"2019-03-19T01:25:55","modified_gmt":"2019-03-19T04:25:55","slug":"regiao-de-milagres-acidente-assustador-na-br-116-deixa-dois-mortos","status":"publish","type":"post","link":"https:\/\/www.sudoestehoje.com.br\/novoportal\/2019\/03\/19\/regiao-de-milagres-acidente-assustador-na-br-116-deixa-dois-mortos\/","title":{"rendered":"REGI\u00c3O DE MILAGRES: ACIDENTE ASSUSTADOR NA BR-116 DEIXA DOIS MORTOS"},"content":{"rendered":"<p><a href=\"https:\/\/www.sudoestehoje.com.br\/novoportal\/wp-content\/uploads\/2019\/03\/MILAGRES-ACIDENTE.jpg\"><img loading=\"lazy\" decoding=\"async\" class=\"aligncenter size-medium wp-image-78778\" src=\"https:\/\/www.sudoestehoje.com.br\/novoportal\/wp-content\/uploads\/2019\/03\/MILAGRES-ACIDENTE-500x500.jpg\" alt=\"\" width=\"500\" height=\"500\" srcset=\"https:\/\/www.sudoestehoje.com.br\/novoportal\/wp-content\/uploads\/2019\/03\/MILAGRES-ACIDENTE-500x500.jpg 500w, https:\/\/www.sudoestehoje.com.br\/novoportal\/wp-content\/uploads\/2019\/03\/MILAGRES-ACIDENTE-150x150.jpg 150w, https:\/\/www.sudoestehoje.com.br\/novoportal\/wp-content\/uploads\/2019\/03\/MILAGRES-ACIDENTE-768x768.jpg 768w, https:\/\/www.sudoestehoje.com.br\/novoportal\/wp-content\/uploads\/2019\/03\/MILAGRES-ACIDENTE-700x700.jpg 700w, https:\/\/www.sudoestehoje.com.br\/novoportal\/wp-content\/uploads\/2019\/03\/MILAGRES-ACIDENTE.jpg 960w\" sizes=\"auto, (max-width: 500px) 100vw, 500px\" \/><\/a><\/p>\n<p>Na tarde desta segunda &#8211; feira (18) aconteceu um grave acidente pr\u00f3ximo no munic\u00edpio de Milagres, no trevo de Amargosa, na BR 116. Infelizmente duas pessoas morreram ap\u00f3s a colis\u00e3o.<\/p>\n<p>De acordo com informa\u00e7\u00f5es, o acidente aconteceu por volta das 13 horas na BR 116, sentido Feira de Santana, pr\u00f3ximo ao posto de combust\u00edvel de Ad\u00e9rio, quando um ve\u00edculo colidiu contra um caminh\u00e3o Ba\u00fa. A equipe da Via Bahia prestou os devidos atendimentos \u00e0s v\u00edtimas.<\/p>\n","protected":false},"excerpt":{"rendered":"<p>Na tarde desta segunda &#8211; feira (18) aconteceu um grave acidente pr\u00f3ximo no munic\u00edpio de Milagres, no trevo de Amargosa, na BR 116. Infelizmente duas pessoas morreram ap\u00f3s a colis\u00e3o. De acordo com informa\u00e7\u00f5es, o acidente aconteceu por volta das 13 horas na BR 116, sentido Feira de Santana, pr\u00f3ximo ao posto de combust\u00edvel de [&hellip;]<\/p>\n","protected":false},"author":2,"featured_media":78778,"comment_status":"open","ping_status":"open","sticky":false,"template":"","format":"standard","meta":{"footnotes":"","_links_to":"","_links_to_target":""},"categories":[1],"tags":[],"class_list":["post-78777","post","type-post","status-publish","format-standard","has-post-thumbnail","hentry","category-geral"],"views":2512,"_links":{"self":[{"href":"https:\/\/www.sudoestehoje.com.br\/novoportal\/wp-json\/wp\/v2\/posts\/78777","targetHints":{"allow":["GET"]}}],"collection":[{"href":"https:\/\/www.sudoestehoje.com.br\/novoportal\/wp-json\/wp\/v2\/posts"}],"about":[{"href":"https:\/\/www.sudoestehoje.com.br\/novoportal\/wp-json\/wp\/v2\/types\/post"}],"author":[{"embeddable":true,"href":"https:\/\/www.sudoestehoje.com.br\/novoportal\/wp-json\/wp\/v2\/users\/2"}],"replies":[{"embeddable":true,"href":"https:\/\/www.sudoestehoje.com.br\/novoportal\/wp-json\/wp\/v2\/comments?post=78777"}],"version-history":[{"count":1,"href":"https:\/\/www.sudoestehoje.com.br\/novoportal\/wp-json\/wp\/v2\/posts\/78777\/revisions"}],"predecessor-version":[{"id":78779,"href":"https:\/\/www.sudoestehoje.com.br\/novoportal\/wp-json\/wp\/v2\/posts\/78777\/revisions\/78779"}],"wp:featuredmedia":[{"embeddable":true,"href":"https:\/\/www.sudoestehoje.com.br\/novoportal\/wp-json\/wp\/v2\/media\/78778"}],"wp:attachment":[{"href":"https:\/\/www.sudoestehoje.com.br\/novoportal\/wp-json\/wp\/v2\/media?parent=78777"}],"wp:term":[{"taxonomy":"category","embeddable":true,"href":"https:\/\/www.sudoestehoje.com.br\/novoportal\/wp-json\/wp\/v2\/categories?post=78777"},{"taxonomy":"post_tag","embeddable":true,"href":"https:\/\/www.sudoestehoje.com.br\/novoportal\/wp-json\/wp\/v2\/tags?post=78777"}],"curies":[{"name":"wp","href":"https:\/\/api.w.org\/{rel}","templated":true}]}}