
{"id":78772,"date":"2019-03-19T01:13:33","date_gmt":"2019-03-19T04:13:33","guid":{"rendered":"https:\/\/www.sudoestehoje.com.br\/novoportal\/?p=78772"},"modified":"2019-03-19T01:13:33","modified_gmt":"2019-03-19T04:13:33","slug":"deu-no-hora-1-itapetinga-registra-uma-das-maiores-temperaturas-do-brasil-378-graus","status":"publish","type":"post","link":"https:\/\/www.sudoestehoje.com.br\/novoportal\/2019\/03\/19\/deu-no-hora-1-itapetinga-registra-uma-das-maiores-temperaturas-do-brasil-378-graus\/","title":{"rendered":"DEU NO HORA 1: ITAPETINGA REGISTRA UMA DAS MAIORES TEMPERATURAS DO BRASIL; 37,8 GRAUS"},"content":{"rendered":"<p><a href=\"https:\/\/www.sudoestehoje.com.br\/novoportal\/wp-content\/uploads\/2019\/03\/HORA-1.jpg\"><img loading=\"lazy\" decoding=\"async\" class=\"aligncenter  wp-image-78774\" src=\"https:\/\/www.sudoestehoje.com.br\/novoportal\/wp-content\/uploads\/2019\/03\/HORA-1.jpg\" alt=\"\" width=\"501\" height=\"335\" \/><\/a><\/p>\n<p>O Ver\u00e3o acaba na pr\u00f3xima quarta-feira (20) registrando altas temperaturas no Centro Sul Baiano. Em Vit\u00f3ria da Conquista os term\u00f4metros chegaram aos 36\u00b0, mas o destaque vai para Itapetinga.<\/p>\n<p><a href=\"https:\/\/www.sudoestehoje.com.br\/novoportal\/wp-content\/uploads\/2019\/03\/HORA-1-1.jpg\"><img loading=\"lazy\" decoding=\"async\" class=\"aligncenter  wp-image-78775\" src=\"https:\/\/www.sudoestehoje.com.br\/novoportal\/wp-content\/uploads\/2019\/03\/HORA-1-1.jpg\" alt=\"\" width=\"501\" height=\"334\" \/><\/a><\/p>\n<p>Em reportagem que foi ar no Hora 1, programa jornal\u00edstico da TV Globo, voltou a enfatizar a onda de calor na Terra do Boi Gordo. Conforme os n\u00fameros Itapetinga vai marcar 37,8\u00b0 nesta segunda-feira (28). \/\/<em>Blog do Anderson<\/em><\/p>\n","protected":false},"excerpt":{"rendered":"<p>O Ver\u00e3o acaba na pr\u00f3xima quarta-feira (20) registrando altas temperaturas no Centro Sul Baiano. Em Vit\u00f3ria da Conquista os term\u00f4metros chegaram aos 36\u00b0, mas o destaque vai para Itapetinga. Em reportagem que foi ar no Hora 1, programa jornal\u00edstico da TV Globo, voltou a enfatizar a onda de calor na Terra do Boi Gordo. Conforme [&hellip;]<\/p>\n","protected":false},"author":2,"featured_media":78774,"comment_status":"open","ping_status":"open","sticky":false,"template":"","format":"standard","meta":{"footnotes":"","_links_to":"","_links_to_target":""},"categories":[1],"tags":[],"class_list":["post-78772","post","type-post","status-publish","format-standard","has-post-thumbnail","hentry","category-geral"],"views":913,"_links":{"self":[{"href":"https:\/\/www.sudoestehoje.com.br\/novoportal\/wp-json\/wp\/v2\/posts\/78772","targetHints":{"allow":["GET"]}}],"collection":[{"href":"https:\/\/www.sudoestehoje.com.br\/novoportal\/wp-json\/wp\/v2\/posts"}],"about":[{"href":"https:\/\/www.sudoestehoje.com.br\/novoportal\/wp-json\/wp\/v2\/types\/post"}],"author":[{"embeddable":true,"href":"https:\/\/www.sudoestehoje.com.br\/novoportal\/wp-json\/wp\/v2\/users\/2"}],"replies":[{"embeddable":true,"href":"https:\/\/www.sudoestehoje.com.br\/novoportal\/wp-json\/wp\/v2\/comments?post=78772"}],"version-history":[{"count":2,"href":"https:\/\/www.sudoestehoje.com.br\/novoportal\/wp-json\/wp\/v2\/posts\/78772\/revisions"}],"predecessor-version":[{"id":78776,"href":"https:\/\/www.sudoestehoje.com.br\/novoportal\/wp-json\/wp\/v2\/posts\/78772\/revisions\/78776"}],"wp:featuredmedia":[{"embeddable":true,"href":"https:\/\/www.sudoestehoje.com.br\/novoportal\/wp-json\/wp\/v2\/media\/78774"}],"wp:attachment":[{"href":"https:\/\/www.sudoestehoje.com.br\/novoportal\/wp-json\/wp\/v2\/media?parent=78772"}],"wp:term":[{"taxonomy":"category","embeddable":true,"href":"https:\/\/www.sudoestehoje.com.br\/novoportal\/wp-json\/wp\/v2\/categories?post=78772"},{"taxonomy":"post_tag","embeddable":true,"href":"https:\/\/www.sudoestehoje.com.br\/novoportal\/wp-json\/wp\/v2\/tags?post=78772"}],"curies":[{"name":"wp","href":"https:\/\/api.w.org\/{rel}","templated":true}]}}