
{"id":78765,"date":"2019-03-19T01:02:55","date_gmt":"2019-03-19T04:02:55","guid":{"rendered":"https:\/\/www.sudoestehoje.com.br\/novoportal\/?p=78765"},"modified":"2019-03-19T18:22:17","modified_gmt":"2019-03-19T21:22:17","slug":"nao-chove-em-itapetinga-ha-3-meses","status":"publish","type":"post","link":"https:\/\/www.sudoestehoje.com.br\/novoportal\/2019\/03\/19\/nao-chove-em-itapetinga-ha-3-meses\/","title":{"rendered":"N\u00c3O CHOVE EM ITAPETINGA H\u00c1 3 MESES"},"content":{"rendered":"<p><a href=\"https:\/\/www.sudoestehoje.com.br\/novoportal\/wp-content\/uploads\/2019\/03\/itapetinga-1-1.jpg\"><img loading=\"lazy\" decoding=\"async\" class=\"aligncenter size-medium wp-image-78770\" src=\"https:\/\/www.sudoestehoje.com.br\/novoportal\/wp-content\/uploads\/2019\/03\/itapetinga-1-1-500x265.jpg\" alt=\"\" width=\"500\" height=\"265\" srcset=\"https:\/\/www.sudoestehoje.com.br\/novoportal\/wp-content\/uploads\/2019\/03\/itapetinga-1-1-500x265.jpg 500w, https:\/\/www.sudoestehoje.com.br\/novoportal\/wp-content\/uploads\/2019\/03\/itapetinga-1-1.jpg 650w\" sizes=\"auto, (max-width: 500px) 100vw, 500px\" \/><\/a><\/p>\n<p>As esperadas &#8216;\u00e1guas de mar\u00e7o&#8217; ainda n\u00e3o deram as caras e o Sudoeste baiano come\u00e7a a sofrer com os efeitos da longa estiagem do ver\u00e3o. As &#8216;chuvas das \u00e1guas&#8217; que ca\u00edram na regi\u00e3o no final do ano passado, foram volumosas, mas n\u00e3o chove h\u00e1 tr\u00eas meses e os efeitos dessa estiagem come\u00e7am a comprometer as pastagens, planta\u00e7\u00f5es e abastecimento nas cidades.<\/p>\n<p>Na regi\u00e3o agro-pastoril de Itapetinga, a seca j\u00e1 compromete a produ\u00e7\u00e3o agropecu\u00e1ria e at\u00e9 os rios mais importantes est\u00e3o com a vas\u00e3o comprometida. O Rio Pardo, que abastece as cidades de Encruzilhada, Itamb\u00e9 e Potiragu\u00e1, perdeu metade da sua vas\u00e3o e j\u00e1 \u00e9 motivo de preocupa\u00e7\u00e3o em toda a regi\u00e3o. Nas propriedades rurais, a\u00e7udes est\u00e3o secando e o gado j\u00e1 come\u00e7a a perder peso, o que compromete tamb\u00e9m a produ\u00e7\u00e3o leiteira, por falta de alimentos para as vacas.<\/p>\n<p>De acordo com o<em>\u00a0Climatempo<\/em>, n\u00e3o h\u00e1 previs\u00e3o de chuvas para a regi\u00e3o nos pr\u00f3ximos dias, o que dever\u00e1 agravar ainda mais a seca. Segundo os especialistas, o fen\u00f4meno \u2018El Ni\u00f1o\u2019 deve provocar muita chuva nas regi\u00f5es Sul e Sudeste, e muita seca em parte do Nordeste.<\/p>\n<p><strong><em>Por Davi Ferraz<\/em><\/strong><\/p>\n","protected":false},"excerpt":{"rendered":"<p>As esperadas &#8216;\u00e1guas de mar\u00e7o&#8217; ainda n\u00e3o deram as caras e o Sudoeste baiano come\u00e7a a sofrer com os efeitos da longa estiagem do ver\u00e3o. As &#8216;chuvas das \u00e1guas&#8217; que ca\u00edram na regi\u00e3o no final do ano passado, foram volumosas, mas n\u00e3o chove h\u00e1 tr\u00eas meses e os efeitos dessa estiagem come\u00e7am a comprometer as [&hellip;]<\/p>\n","protected":false},"author":2,"featured_media":78770,"comment_status":"open","ping_status":"open","sticky":false,"template":"","format":"standard","meta":{"footnotes":"","_links_to":"","_links_to_target":""},"categories":[1],"tags":[],"class_list":["post-78765","post","type-post","status-publish","format-standard","has-post-thumbnail","hentry","category-geral"],"views":906,"_links":{"self":[{"href":"https:\/\/www.sudoestehoje.com.br\/novoportal\/wp-json\/wp\/v2\/posts\/78765","targetHints":{"allow":["GET"]}}],"collection":[{"href":"https:\/\/www.sudoestehoje.com.br\/novoportal\/wp-json\/wp\/v2\/posts"}],"about":[{"href":"https:\/\/www.sudoestehoje.com.br\/novoportal\/wp-json\/wp\/v2\/types\/post"}],"author":[{"embeddable":true,"href":"https:\/\/www.sudoestehoje.com.br\/novoportal\/wp-json\/wp\/v2\/users\/2"}],"replies":[{"embeddable":true,"href":"https:\/\/www.sudoestehoje.com.br\/novoportal\/wp-json\/wp\/v2\/comments?post=78765"}],"version-history":[{"count":3,"href":"https:\/\/www.sudoestehoje.com.br\/novoportal\/wp-json\/wp\/v2\/posts\/78765\/revisions"}],"predecessor-version":[{"id":78807,"href":"https:\/\/www.sudoestehoje.com.br\/novoportal\/wp-json\/wp\/v2\/posts\/78765\/revisions\/78807"}],"wp:featuredmedia":[{"embeddable":true,"href":"https:\/\/www.sudoestehoje.com.br\/novoportal\/wp-json\/wp\/v2\/media\/78770"}],"wp:attachment":[{"href":"https:\/\/www.sudoestehoje.com.br\/novoportal\/wp-json\/wp\/v2\/media?parent=78765"}],"wp:term":[{"taxonomy":"category","embeddable":true,"href":"https:\/\/www.sudoestehoje.com.br\/novoportal\/wp-json\/wp\/v2\/categories?post=78765"},{"taxonomy":"post_tag","embeddable":true,"href":"https:\/\/www.sudoestehoje.com.br\/novoportal\/wp-json\/wp\/v2\/tags?post=78765"}],"curies":[{"name":"wp","href":"https:\/\/api.w.org\/{rel}","templated":true}]}}