
{"id":78739,"date":"2019-03-17T19:14:27","date_gmt":"2019-03-17T22:14:27","guid":{"rendered":"http:\/\/www.sudoestehoje.com.br\/novoportal\/?p=78739"},"modified":"2019-03-17T19:14:27","modified_gmt":"2019-03-17T22:14:27","slug":"vitoria-perde-por-2-a-0-para-o-flu-de-feira-e-esta-eliminado-do-baianao-2019","status":"publish","type":"post","link":"https:\/\/www.sudoestehoje.com.br\/novoportal\/2019\/03\/17\/vitoria-perde-por-2-a-0-para-o-flu-de-feira-e-esta-eliminado-do-baianao-2019\/","title":{"rendered":"VIT\u00d3RIA PERDE POR 2 A 0 PARA O FLU DE FEIRA E EST\u00c1 ELIMINADO DO BAIAN\u00c3O 2019"},"content":{"rendered":"<p><a href=\"http:\/\/www.sudoestehoje.com.br\/novoportal\/wp-content\/uploads\/2019\/03\/FLU-2.jpg\"><img loading=\"lazy\" decoding=\"async\" class=\"aligncenter size-medium wp-image-78741\" src=\"http:\/\/www.sudoestehoje.com.br\/novoportal\/wp-content\/uploads\/2019\/03\/FLU-2-500x311.jpg\" alt=\"\" width=\"500\" height=\"311\" srcset=\"https:\/\/www.sudoestehoje.com.br\/novoportal\/wp-content\/uploads\/2019\/03\/FLU-2-500x311.jpg 500w, https:\/\/www.sudoestehoje.com.br\/novoportal\/wp-content\/uploads\/2019\/03\/FLU-2-768x478.jpg 768w, https:\/\/www.sudoestehoje.com.br\/novoportal\/wp-content\/uploads\/2019\/03\/FLU-2-700x436.jpg 700w, https:\/\/www.sudoestehoje.com.br\/novoportal\/wp-content\/uploads\/2019\/03\/FLU-2.jpg 940w\" sizes=\"auto, (max-width: 500px) 100vw, 500px\" \/><\/a><\/p>\n<p>No in\u00edcio do campeonato parecia imposs\u00edvel, mas o Vit\u00f3ria est\u00e1 eliminado do Baian\u00e3o na primeira fase do Baian\u00e3o, ap\u00f3s perder para o Flu de Feira por 2 a 0, neste domingo (17), em pleno Barrad\u00e3o, pela nona e \u00faltima rodada do estadual.<\/p>\n<p>Com a derrota, o Vit\u00f3ria deixou o G-4 ao cair para a quinta coloca\u00e7\u00e3o permanecendo com 13 pontos. J\u00e1 eliminado na rodada anterior, o Flu de Feira encerra sua participa\u00e7\u00e3o no estadual na sexta posi\u00e7\u00e3o com 12 pontos.<\/p>\n<p>O Le\u00e3o volta ao gramado no pr\u00f3ximo s\u00e1bado (23), \u00e0s 16h, para enfrentar o ABC, no Frasqueir\u00e3o, pela s\u00e9tima rodada da Copa do Nordeste.<\/p>\n","protected":false},"excerpt":{"rendered":"<p>No in\u00edcio do campeonato parecia imposs\u00edvel, mas o Vit\u00f3ria est\u00e1 eliminado do Baian\u00e3o na primeira fase do Baian\u00e3o, ap\u00f3s perder para o Flu de Feira por 2 a 0, neste domingo (17), em pleno Barrad\u00e3o, pela nona e \u00faltima rodada do estadual. Com a derrota, o Vit\u00f3ria deixou o G-4 ao cair para a quinta [&hellip;]<\/p>\n","protected":false},"author":2,"featured_media":78741,"comment_status":"open","ping_status":"open","sticky":false,"template":"","format":"standard","meta":{"footnotes":"","_links_to":"","_links_to_target":""},"categories":[1],"tags":[],"class_list":["post-78739","post","type-post","status-publish","format-standard","has-post-thumbnail","hentry","category-geral"],"views":1198,"_links":{"self":[{"href":"https:\/\/www.sudoestehoje.com.br\/novoportal\/wp-json\/wp\/v2\/posts\/78739","targetHints":{"allow":["GET"]}}],"collection":[{"href":"https:\/\/www.sudoestehoje.com.br\/novoportal\/wp-json\/wp\/v2\/posts"}],"about":[{"href":"https:\/\/www.sudoestehoje.com.br\/novoportal\/wp-json\/wp\/v2\/types\/post"}],"author":[{"embeddable":true,"href":"https:\/\/www.sudoestehoje.com.br\/novoportal\/wp-json\/wp\/v2\/users\/2"}],"replies":[{"embeddable":true,"href":"https:\/\/www.sudoestehoje.com.br\/novoportal\/wp-json\/wp\/v2\/comments?post=78739"}],"version-history":[{"count":2,"href":"https:\/\/www.sudoestehoje.com.br\/novoportal\/wp-json\/wp\/v2\/posts\/78739\/revisions"}],"predecessor-version":[{"id":78742,"href":"https:\/\/www.sudoestehoje.com.br\/novoportal\/wp-json\/wp\/v2\/posts\/78739\/revisions\/78742"}],"wp:featuredmedia":[{"embeddable":true,"href":"https:\/\/www.sudoestehoje.com.br\/novoportal\/wp-json\/wp\/v2\/media\/78741"}],"wp:attachment":[{"href":"https:\/\/www.sudoestehoje.com.br\/novoportal\/wp-json\/wp\/v2\/media?parent=78739"}],"wp:term":[{"taxonomy":"category","embeddable":true,"href":"https:\/\/www.sudoestehoje.com.br\/novoportal\/wp-json\/wp\/v2\/categories?post=78739"},{"taxonomy":"post_tag","embeddable":true,"href":"https:\/\/www.sudoestehoje.com.br\/novoportal\/wp-json\/wp\/v2\/tags?post=78739"}],"curies":[{"name":"wp","href":"https:\/\/api.w.org\/{rel}","templated":true}]}}