
{"id":78735,"date":"2019-03-17T08:29:18","date_gmt":"2019-03-17T11:29:18","guid":{"rendered":"http:\/\/www.sudoestehoje.com.br\/novoportal\/?p=78735"},"modified":"2019-03-17T11:30:09","modified_gmt":"2019-03-17T14:30:09","slug":"nota-de-falecimento-zelia-farias-costa-2","status":"publish","type":"post","link":"https:\/\/www.sudoestehoje.com.br\/novoportal\/2019\/03\/17\/nota-de-falecimento-zelia-farias-costa-2\/","title":{"rendered":"NOTA DE FALECIMENTO \u2013 Z\u00c9LIA FARIAS COSTA"},"content":{"rendered":"<p><a href=\"http:\/\/www.sudoestehoje.com.br\/novoportal\/wp-content\/uploads\/2019\/03\/zelia.jpg\"><img loading=\"lazy\" decoding=\"async\" class=\"wp-image-78736 alignleft\" src=\"http:\/\/www.sudoestehoje.com.br\/novoportal\/wp-content\/uploads\/2019\/03\/zelia.jpg\" alt=\"\" width=\"288\" height=\"294\" \/><\/a><\/p>\n<p>Faleceu, aos 79 anos, a Sra. Z\u00e9lia Farias Costa, v\u00edtima de acidente automobil\u00edstico ocorrido neste s\u00e1bado, na BA-263, entre Itapetinga e Itoror\u00f3.<\/p>\n<p>De acordo com informa\u00e7\u00f5es, Dona Z\u00e9lia viajava no banco da frente da caminhonete conduzida por sua filha Norma, quando o ve\u00edculo capotou no meio da pista.<\/p>\n<p>A condutora e outro passageiro que viajavam no banco de tr\u00e1s da caminhonete Hilux escaparam com leves ferimentos, mas Dona Z\u00e9lia n\u00e3o teve a mesma sorte e morreu no local.<\/p>\n<p>O corpo est\u00e1 sendo velado no Cerimonial Pax Perfei\u00e7\u00e3o, na avenida Cinquenten\u00e1rio, em Itapetinga, e dever\u00e1 ser sepultado neste domingo, no cemit\u00e9rio local.<\/p>\n<p>O Sudoeste Hoje manifesta os seus mais sinceros sentimentos \u00e0 fam\u00edlia enlutada, atrav\u00e9s de suas filhas Nelc\u00e9lia e Norma, pela irrepar\u00e1vel perda.<\/p>\n<p><strong><em>Davi Ferraz \u2013 Editor<\/em><\/strong><\/p>\n","protected":false},"excerpt":{"rendered":"<p>Faleceu, aos 79 anos, a Sra. Z\u00e9lia Farias Costa, v\u00edtima de acidente automobil\u00edstico ocorrido neste s\u00e1bado, na BA-263, entre Itapetinga e Itoror\u00f3. De acordo com informa\u00e7\u00f5es, Dona Z\u00e9lia viajava no banco da frente da caminhonete conduzida por sua filha Norma, quando o ve\u00edculo capotou no meio da pista. A condutora e outro passageiro que viajavam [&hellip;]<\/p>\n","protected":false},"author":2,"featured_media":78736,"comment_status":"open","ping_status":"open","sticky":false,"template":"","format":"standard","meta":{"footnotes":"","_links_to":"","_links_to_target":""},"categories":[1],"tags":[],"class_list":["post-78735","post","type-post","status-publish","format-standard","has-post-thumbnail","hentry","category-geral"],"views":927,"_links":{"self":[{"href":"https:\/\/www.sudoestehoje.com.br\/novoportal\/wp-json\/wp\/v2\/posts\/78735","targetHints":{"allow":["GET"]}}],"collection":[{"href":"https:\/\/www.sudoestehoje.com.br\/novoportal\/wp-json\/wp\/v2\/posts"}],"about":[{"href":"https:\/\/www.sudoestehoje.com.br\/novoportal\/wp-json\/wp\/v2\/types\/post"}],"author":[{"embeddable":true,"href":"https:\/\/www.sudoestehoje.com.br\/novoportal\/wp-json\/wp\/v2\/users\/2"}],"replies":[{"embeddable":true,"href":"https:\/\/www.sudoestehoje.com.br\/novoportal\/wp-json\/wp\/v2\/comments?post=78735"}],"version-history":[{"count":2,"href":"https:\/\/www.sudoestehoje.com.br\/novoportal\/wp-json\/wp\/v2\/posts\/78735\/revisions"}],"predecessor-version":[{"id":78738,"href":"https:\/\/www.sudoestehoje.com.br\/novoportal\/wp-json\/wp\/v2\/posts\/78735\/revisions\/78738"}],"wp:featuredmedia":[{"embeddable":true,"href":"https:\/\/www.sudoestehoje.com.br\/novoportal\/wp-json\/wp\/v2\/media\/78736"}],"wp:attachment":[{"href":"https:\/\/www.sudoestehoje.com.br\/novoportal\/wp-json\/wp\/v2\/media?parent=78735"}],"wp:term":[{"taxonomy":"category","embeddable":true,"href":"https:\/\/www.sudoestehoje.com.br\/novoportal\/wp-json\/wp\/v2\/categories?post=78735"},{"taxonomy":"post_tag","embeddable":true,"href":"https:\/\/www.sudoestehoje.com.br\/novoportal\/wp-json\/wp\/v2\/tags?post=78735"}],"curies":[{"name":"wp","href":"https:\/\/api.w.org\/{rel}","templated":true}]}}