
{"id":78718,"date":"2019-03-16T00:47:46","date_gmt":"2019-03-16T03:47:46","guid":{"rendered":"http:\/\/www.sudoestehoje.com.br\/novoportal\/?p=78718"},"modified":"2019-03-16T00:47:46","modified_gmt":"2019-03-16T03:47:46","slug":"sac-suspende-atendimento-em-itapetinga-e-itabuna-na-proxima-terca","status":"publish","type":"post","link":"https:\/\/www.sudoestehoje.com.br\/novoportal\/2019\/03\/16\/sac-suspende-atendimento-em-itapetinga-e-itabuna-na-proxima-terca\/","title":{"rendered":"SAC SUSPENDE ATENDIMENTO EM ITAPETINGA E ITABUNA NA PR\u00d3XIMA TER\u00c7A"},"content":{"rendered":"<p><a href=\"http:\/\/www.sudoestehoje.com.br\/novoportal\/wp-content\/uploads\/2019\/03\/ponto-sac-2.jpg\"><img loading=\"lazy\" decoding=\"async\" class=\"aligncenter size-medium wp-image-78719\" src=\"http:\/\/www.sudoestehoje.com.br\/novoportal\/wp-content\/uploads\/2019\/03\/ponto-sac-2-500x282.jpg\" alt=\"\" width=\"500\" height=\"282\" srcset=\"https:\/\/www.sudoestehoje.com.br\/novoportal\/wp-content\/uploads\/2019\/03\/ponto-sac-2-500x282.jpg 500w, https:\/\/www.sudoestehoje.com.br\/novoportal\/wp-content\/uploads\/2019\/03\/ponto-sac-2.jpg 696w\" sizes=\"auto, (max-width: 500px) 100vw, 500px\" \/><\/a><\/p>\n<p>As unidades de atendimento da Rede SAC em Itabuna e Itapetinga ter\u00e3o seu atendimento suspenso na pr\u00f3xima ter\u00e7a-feira (19), por conta de lei municipal. Na referida data \u00e9 comemorado dia do padroeiro dos munic\u00edpios, S\u00e3o Jos\u00e9. Nos dois casos, o atendimento ser\u00e1 retomado normalmente no dia seguinte, quarta-feira (20).<\/p>\n<p>Para informa\u00e7\u00f5es sobre os servi\u00e7os prestados pela unidade, a Secretaria da Administra\u00e7\u00e3o do Estado (Saeb) disponibiliza o site da Rede SAC (www.sac.ba.gov.br), o aplicativo e o site do SAC Digital (www.sacdigital.ba.gov.br).<\/p>\n","protected":false},"excerpt":{"rendered":"<p>As unidades de atendimento da Rede SAC em Itabuna e Itapetinga ter\u00e3o seu atendimento suspenso na pr\u00f3xima ter\u00e7a-feira (19), por conta de lei municipal. Na referida data \u00e9 comemorado dia do padroeiro dos munic\u00edpios, S\u00e3o Jos\u00e9. Nos dois casos, o atendimento ser\u00e1 retomado normalmente no dia seguinte, quarta-feira (20). Para informa\u00e7\u00f5es sobre os servi\u00e7os prestados [&hellip;]<\/p>\n","protected":false},"author":2,"featured_media":78719,"comment_status":"open","ping_status":"open","sticky":false,"template":"","format":"standard","meta":{"footnotes":"","_links_to":"","_links_to_target":""},"categories":[1],"tags":[],"class_list":["post-78718","post","type-post","status-publish","format-standard","has-post-thumbnail","hentry","category-geral"],"views":1194,"_links":{"self":[{"href":"https:\/\/www.sudoestehoje.com.br\/novoportal\/wp-json\/wp\/v2\/posts\/78718","targetHints":{"allow":["GET"]}}],"collection":[{"href":"https:\/\/www.sudoestehoje.com.br\/novoportal\/wp-json\/wp\/v2\/posts"}],"about":[{"href":"https:\/\/www.sudoestehoje.com.br\/novoportal\/wp-json\/wp\/v2\/types\/post"}],"author":[{"embeddable":true,"href":"https:\/\/www.sudoestehoje.com.br\/novoportal\/wp-json\/wp\/v2\/users\/2"}],"replies":[{"embeddable":true,"href":"https:\/\/www.sudoestehoje.com.br\/novoportal\/wp-json\/wp\/v2\/comments?post=78718"}],"version-history":[{"count":1,"href":"https:\/\/www.sudoestehoje.com.br\/novoportal\/wp-json\/wp\/v2\/posts\/78718\/revisions"}],"predecessor-version":[{"id":78720,"href":"https:\/\/www.sudoestehoje.com.br\/novoportal\/wp-json\/wp\/v2\/posts\/78718\/revisions\/78720"}],"wp:featuredmedia":[{"embeddable":true,"href":"https:\/\/www.sudoestehoje.com.br\/novoportal\/wp-json\/wp\/v2\/media\/78719"}],"wp:attachment":[{"href":"https:\/\/www.sudoestehoje.com.br\/novoportal\/wp-json\/wp\/v2\/media?parent=78718"}],"wp:term":[{"taxonomy":"category","embeddable":true,"href":"https:\/\/www.sudoestehoje.com.br\/novoportal\/wp-json\/wp\/v2\/categories?post=78718"},{"taxonomy":"post_tag","embeddable":true,"href":"https:\/\/www.sudoestehoje.com.br\/novoportal\/wp-json\/wp\/v2\/tags?post=78718"}],"curies":[{"name":"wp","href":"https:\/\/api.w.org\/{rel}","templated":true}]}}