
{"id":78699,"date":"2019-03-15T22:08:12","date_gmt":"2019-03-16T01:08:12","guid":{"rendered":"http:\/\/www.sudoestehoje.com.br\/novoportal\/?p=78699"},"modified":"2019-03-15T22:08:12","modified_gmt":"2019-03-16T01:08:12","slug":"bolsonaro-anuncia-que-quer-tirar-placas-de-carros-do-mercosul","status":"publish","type":"post","link":"https:\/\/www.sudoestehoje.com.br\/novoportal\/2019\/03\/15\/bolsonaro-anuncia-que-quer-tirar-placas-de-carros-do-mercosul\/","title":{"rendered":"BOLSONARO ANUNCIA QUE QUER TIRAR PLACAS DE CARROS DO MERCOSUL"},"content":{"rendered":"<p><a href=\"http:\/\/www.sudoestehoje.com.br\/novoportal\/wp-content\/uploads\/2019\/03\/MERCO.jpg\"><img loading=\"lazy\" decoding=\"async\" class=\"aligncenter size-medium wp-image-78700\" src=\"http:\/\/www.sudoestehoje.com.br\/novoportal\/wp-content\/uploads\/2019\/03\/MERCO-500x281.jpg\" alt=\"\" width=\"500\" height=\"281\" srcset=\"https:\/\/www.sudoestehoje.com.br\/novoportal\/wp-content\/uploads\/2019\/03\/MERCO-500x281.jpg 500w, https:\/\/www.sudoestehoje.com.br\/novoportal\/wp-content\/uploads\/2019\/03\/MERCO-768x432.jpg 768w, https:\/\/www.sudoestehoje.com.br\/novoportal\/wp-content\/uploads\/2019\/03\/MERCO-700x394.jpg 700w, https:\/\/www.sudoestehoje.com.br\/novoportal\/wp-content\/uploads\/2019\/03\/MERCO.jpg 1280w\" sizes=\"auto, (max-width: 500px) 100vw, 500px\" \/><\/a><\/p>\n<p>O presidente Jair Bolsonaro (PSL) falou nesta quinta-feira (14), durante uma live nas redes sociais, que quer retirar as placas do Mercosul dos carros em circula\u00e7\u00e3o no Brasil.<\/p>\n<p>\u201cVamos ver se a gente consegue anular a placa do Mercosul. \u00c9 um constrangimento, uma despesa a mais\u201d, disse o presidente para milhares de internautas que o assistiam. Ele estava ao lado dos ministros de Rela\u00e7\u00f5es Exteriores, Ernesto Ara\u00fajo, e do titular da Sa\u00fade, Luiz Henrique Mandetta.<\/p>\n<p>No dia 15 de fevereiro, h\u00e1 exatamente um m\u00eas, o Minist\u00e9rio da Infraestrutura informou que a placa padr\u00e3o Mercosul j\u00e1 estava presente em 959.714 ve\u00edculos no pa\u00eds.<\/p>\n","protected":false},"excerpt":{"rendered":"<p>O presidente Jair Bolsonaro (PSL) falou nesta quinta-feira (14), durante uma live nas redes sociais, que quer retirar as placas do Mercosul dos carros em circula\u00e7\u00e3o no Brasil. \u201cVamos ver se a gente consegue anular a placa do Mercosul. \u00c9 um constrangimento, uma despesa a mais\u201d, disse o presidente para milhares de internautas que o [&hellip;]<\/p>\n","protected":false},"author":2,"featured_media":78700,"comment_status":"open","ping_status":"open","sticky":false,"template":"","format":"standard","meta":{"footnotes":"","_links_to":"","_links_to_target":""},"categories":[1],"tags":[],"class_list":["post-78699","post","type-post","status-publish","format-standard","has-post-thumbnail","hentry","category-geral"],"views":1668,"_links":{"self":[{"href":"https:\/\/www.sudoestehoje.com.br\/novoportal\/wp-json\/wp\/v2\/posts\/78699","targetHints":{"allow":["GET"]}}],"collection":[{"href":"https:\/\/www.sudoestehoje.com.br\/novoportal\/wp-json\/wp\/v2\/posts"}],"about":[{"href":"https:\/\/www.sudoestehoje.com.br\/novoportal\/wp-json\/wp\/v2\/types\/post"}],"author":[{"embeddable":true,"href":"https:\/\/www.sudoestehoje.com.br\/novoportal\/wp-json\/wp\/v2\/users\/2"}],"replies":[{"embeddable":true,"href":"https:\/\/www.sudoestehoje.com.br\/novoportal\/wp-json\/wp\/v2\/comments?post=78699"}],"version-history":[{"count":1,"href":"https:\/\/www.sudoestehoje.com.br\/novoportal\/wp-json\/wp\/v2\/posts\/78699\/revisions"}],"predecessor-version":[{"id":78701,"href":"https:\/\/www.sudoestehoje.com.br\/novoportal\/wp-json\/wp\/v2\/posts\/78699\/revisions\/78701"}],"wp:featuredmedia":[{"embeddable":true,"href":"https:\/\/www.sudoestehoje.com.br\/novoportal\/wp-json\/wp\/v2\/media\/78700"}],"wp:attachment":[{"href":"https:\/\/www.sudoestehoje.com.br\/novoportal\/wp-json\/wp\/v2\/media?parent=78699"}],"wp:term":[{"taxonomy":"category","embeddable":true,"href":"https:\/\/www.sudoestehoje.com.br\/novoportal\/wp-json\/wp\/v2\/categories?post=78699"},{"taxonomy":"post_tag","embeddable":true,"href":"https:\/\/www.sudoestehoje.com.br\/novoportal\/wp-json\/wp\/v2\/tags?post=78699"}],"curies":[{"name":"wp","href":"https:\/\/api.w.org\/{rel}","templated":true}]}}