
{"id":78692,"date":"2019-03-15T21:53:13","date_gmt":"2019-03-16T00:53:13","guid":{"rendered":"http:\/\/www.sudoestehoje.com.br\/novoportal\/?p=78692"},"modified":"2019-03-15T21:53:13","modified_gmt":"2019-03-16T00:53:13","slug":"por-falta-de-pagamentos-policiais-civis-da-bahia-podem-fazer-operacao-padrao","status":"publish","type":"post","link":"https:\/\/www.sudoestehoje.com.br\/novoportal\/2019\/03\/15\/por-falta-de-pagamentos-policiais-civis-da-bahia-podem-fazer-operacao-padrao\/","title":{"rendered":"POR FALTA DE PAGAMENTOS, POLICIAIS CIVIS DA BAHIA PODEM FAZER &#8216;OPERA\u00c7\u00c3O PADR\u00c3O&#8217;"},"content":{"rendered":"<p><a href=\"http:\/\/www.sudoestehoje.com.br\/novoportal\/wp-content\/uploads\/2019\/03\/policia-civil-bahia.jpg\"><img loading=\"lazy\" decoding=\"async\" class=\"aligncenter size-medium wp-image-78693\" src=\"http:\/\/www.sudoestehoje.com.br\/novoportal\/wp-content\/uploads\/2019\/03\/policia-civil-bahia-500x317.jpg\" alt=\"\" width=\"500\" height=\"317\" srcset=\"https:\/\/www.sudoestehoje.com.br\/novoportal\/wp-content\/uploads\/2019\/03\/policia-civil-bahia-500x317.jpg 500w, https:\/\/www.sudoestehoje.com.br\/novoportal\/wp-content\/uploads\/2019\/03\/policia-civil-bahia.jpg 650w\" sizes=\"auto, (max-width: 500px) 100vw, 500px\" \/><\/a><\/p>\n<p>Os policiais civis do Estado da Bahia continuam enfrentando graves problemas referentes ao pagamento de sal\u00e1rios e de horas extras. De acordo com o Sindicato da categoria, passado o carnaval, maior festa do estado, muitos policiais n\u00e3o receberam as horas extras referentes a plant\u00f5es extraordin\u00e1rios no R\u00e9veillon, da Opera\u00e7\u00e3o Ver\u00e3o do m\u00eas de Janeiro bem como \u00e0s di\u00e1rias que fazem jus para trabalhar no carnaval realizado na capital e no interior.<\/p>\n<p>Ainda de acordo com o Sindpoc, alguns policiais, entre eles investigadores, escriv\u00e3es e delegados de pol\u00edcia, n\u00e3o receberam sequer o pagamento do sal\u00e1rio referente ao m\u00eas de fevereiro.<\/p>\n<p>Diante dessa gritante ofensa aos direitos dos servidores, os policiais est\u00e3o se mobilizando em todo estado para a partir da pr\u00f3xima semana iniciar a conhecida \u201cOPERA\u00c7\u00c3O PADR\u00c3O\u201d. Tal procedimento garante o atendimento \u00e0 popula\u00e7\u00e3o dentro do que determina a lei, isto \u00e9, seguindo rigorosamente \u00e0s determina\u00e7\u00f5es legais para a execu\u00e7\u00e3o de todas as tarefas.<!--more--><\/p>\n<p>Em v\u00e1rios setores o servi\u00e7o n\u00e3o \u00e9 paralisado porque servidores executam tarefas aqu\u00e9m de suas obriga\u00e7\u00f5es, muitas vezes colocando em risco a pr\u00f3pria seguran\u00e7a para que o servi\u00e7o seja prestado.<\/p>\n<p>Dentre os exemplos o sindicato cita o deslocamento em viaturas sem condi\u00e7\u00f5es de rodar (com pneus gastos, freios deficientes, etc), utiliza\u00e7\u00e3o de coletes e muni\u00e7\u00f5es vencidos, trabalho em ambientes comprovadamente insalubres, entre outros.<\/p>\n<p>A categoria afirma que tal medida \u00e9 necess\u00e1ria diante da recorrente indiferen\u00e7a com que o Estado vem tratando o problema dos pagamentos. \u201cDesde o m\u00eas de janeiro estamos enfrentando problemas para receber sal\u00e1rios, horas extras e at\u00e9 mesmo os valores referentes \u00e0 alimenta\u00e7\u00e3o e transporte. Por\u00e9m a cada m\u00eas o setor de RH informa que o problema ser\u00e1 sanado no pr\u00f3ximo m\u00eas, o que n\u00e3o ocorre e com isso o preju\u00edzo do servidor vai aumentando.\u201d, argumenta um diretor.<\/p>\n<p>Alguns policiais j\u00e1 acumulam perdas de quase dez mil reais entre horas extras, sal\u00e1rios e demais vantagens\u201d, relata um dos policiais. Muitos policiais civis tamb\u00e9m relatam j\u00e1 terem recorrido a empr\u00e9stimos para honrar com compromissos como aluguel, escola dos filhos, entre outros.<\/p>\n<p>Por fim a categoria afirma que se at\u00e9 o final do m\u00eas de mar\u00e7o, com a realiza\u00e7\u00e3o da \u201cOPERA\u00c7\u00c3O PADR\u00c3O\u201d, o Estado n\u00e3o sanar todos os problemas com pagamento, a categoria analisa a ado\u00e7\u00e3o de medidas mais dr\u00e1sticas, como a paralisa\u00e7\u00e3o total por exemplo.<\/p>\n","protected":false},"excerpt":{"rendered":"<p>Os policiais civis do Estado da Bahia continuam enfrentando graves problemas referentes ao pagamento de sal\u00e1rios e de horas extras. De acordo com o Sindicato da categoria, passado o carnaval, maior festa do estado, muitos policiais n\u00e3o receberam as horas extras referentes a plant\u00f5es extraordin\u00e1rios no R\u00e9veillon, da Opera\u00e7\u00e3o Ver\u00e3o do m\u00eas de Janeiro bem [&hellip;]<\/p>\n","protected":false},"author":2,"featured_media":78693,"comment_status":"open","ping_status":"open","sticky":false,"template":"","format":"standard","meta":{"footnotes":"","_links_to":"","_links_to_target":""},"categories":[1],"tags":[],"class_list":["post-78692","post","type-post","status-publish","format-standard","has-post-thumbnail","hentry","category-geral"],"views":905,"_links":{"self":[{"href":"https:\/\/www.sudoestehoje.com.br\/novoportal\/wp-json\/wp\/v2\/posts\/78692","targetHints":{"allow":["GET"]}}],"collection":[{"href":"https:\/\/www.sudoestehoje.com.br\/novoportal\/wp-json\/wp\/v2\/posts"}],"about":[{"href":"https:\/\/www.sudoestehoje.com.br\/novoportal\/wp-json\/wp\/v2\/types\/post"}],"author":[{"embeddable":true,"href":"https:\/\/www.sudoestehoje.com.br\/novoportal\/wp-json\/wp\/v2\/users\/2"}],"replies":[{"embeddable":true,"href":"https:\/\/www.sudoestehoje.com.br\/novoportal\/wp-json\/wp\/v2\/comments?post=78692"}],"version-history":[{"count":5,"href":"https:\/\/www.sudoestehoje.com.br\/novoportal\/wp-json\/wp\/v2\/posts\/78692\/revisions"}],"predecessor-version":[{"id":78698,"href":"https:\/\/www.sudoestehoje.com.br\/novoportal\/wp-json\/wp\/v2\/posts\/78692\/revisions\/78698"}],"wp:featuredmedia":[{"embeddable":true,"href":"https:\/\/www.sudoestehoje.com.br\/novoportal\/wp-json\/wp\/v2\/media\/78693"}],"wp:attachment":[{"href":"https:\/\/www.sudoestehoje.com.br\/novoportal\/wp-json\/wp\/v2\/media?parent=78692"}],"wp:term":[{"taxonomy":"category","embeddable":true,"href":"https:\/\/www.sudoestehoje.com.br\/novoportal\/wp-json\/wp\/v2\/categories?post=78692"},{"taxonomy":"post_tag","embeddable":true,"href":"https:\/\/www.sudoestehoje.com.br\/novoportal\/wp-json\/wp\/v2\/tags?post=78692"}],"curies":[{"name":"wp","href":"https:\/\/api.w.org\/{rel}","templated":true}]}}