
{"id":78669,"date":"2019-03-14T23:35:29","date_gmt":"2019-03-15T02:35:29","guid":{"rendered":"http:\/\/www.sudoestehoje.com.br\/novoportal\/?p=78669"},"modified":"2019-03-14T23:51:59","modified_gmt":"2019-03-15T02:51:59","slug":"incendio-no-acesso-ao-jose-ivo","status":"publish","type":"post","link":"https:\/\/www.sudoestehoje.com.br\/novoportal\/2019\/03\/14\/incendio-no-acesso-ao-jose-ivo\/","title":{"rendered":"INC\u00caNDIO NO ACESSO AO JOS\u00c9 IVO"},"content":{"rendered":"\n<figure class=\"wp-block-image is-resized\"><img loading=\"lazy\" decoding=\"async\" src=\"http:\/\/www.sudoestehoje.com.br\/novoportal\/wp-content\/uploads\/2019\/03\/ivo-1-1-700x525.jpg\" alt=\"\" class=\"wp-image-78672\" width=\"499\" height=\"375\" srcset=\"https:\/\/www.sudoestehoje.com.br\/novoportal\/wp-content\/uploads\/2019\/03\/ivo-1-1-700x525.jpg 700w, https:\/\/www.sudoestehoje.com.br\/novoportal\/wp-content\/uploads\/2019\/03\/ivo-1-1-500x375.jpg 500w, https:\/\/www.sudoestehoje.com.br\/novoportal\/wp-content\/uploads\/2019\/03\/ivo-1-1-768x576.jpg 768w, https:\/\/www.sudoestehoje.com.br\/novoportal\/wp-content\/uploads\/2019\/03\/ivo-1-1.jpg 960w\" sizes=\"auto, (max-width: 499px) 100vw, 499px\" \/><\/figure>\n\n\n\n<p>Um inc\u00eandio de grandes propor\u00e7\u00f5es atingiu, no in\u00edcio da noite desta quinta-feira, o acesso ao Residencial Jos\u00e9 Ivo e Vila \u00c9rika, a partir da Avenida Isai Amorim.<\/p>\n\n\n\n<p>Com a vegeta\u00e7\u00e3o totalmente seca nos arredores dos dois loteamentos, o fogo se espalhou rapidamente e assustou moradores.<\/p>\n\n\n\n<figure class=\"wp-block-image is-resized\"><img loading=\"lazy\" decoding=\"async\" src=\"http:\/\/www.sudoestehoje.com.br\/novoportal\/wp-content\/uploads\/2019\/03\/ivo-2-1-700x525.jpg\" alt=\"\" class=\"wp-image-78673\" width=\"499\" height=\"375\" srcset=\"https:\/\/www.sudoestehoje.com.br\/novoportal\/wp-content\/uploads\/2019\/03\/ivo-2-1-700x525.jpg 700w, https:\/\/www.sudoestehoje.com.br\/novoportal\/wp-content\/uploads\/2019\/03\/ivo-2-1-500x375.jpg 500w, https:\/\/www.sudoestehoje.com.br\/novoportal\/wp-content\/uploads\/2019\/03\/ivo-2-1-768x576.jpg 768w, https:\/\/www.sudoestehoje.com.br\/novoportal\/wp-content\/uploads\/2019\/03\/ivo-2-1.jpg 960w\" sizes=\"auto, (max-width: 499px) 100vw, 499px\" \/><\/figure>\n\n\n\n<p>De acordo com moradores, o fogo iniciou \u00e0s margens do acesso aos bairros, o que leva a crer que foi provocado propositadamente por algu\u00e9m.<\/p>\n","protected":false},"excerpt":{"rendered":"<p>Um inc\u00eandio de grandes propor\u00e7\u00f5es atingiu, no in\u00edcio da noite desta quinta-feira, o acesso ao Residencial Jos\u00e9 Ivo e Vila \u00c9rika, a partir da Avenida Isai Amorim. Com a vegeta\u00e7\u00e3o totalmente seca nos arredores dos dois loteamentos, o fogo se espalhou rapidamente e assustou moradores. De acordo com moradores, o fogo iniciou \u00e0s margens do [&hellip;]<\/p>\n","protected":false},"author":2,"featured_media":78672,"comment_status":"open","ping_status":"open","sticky":false,"template":"","format":"standard","meta":{"footnotes":"","_links_to":"","_links_to_target":""},"categories":[1],"tags":[],"class_list":["post-78669","post","type-post","status-publish","format-standard","has-post-thumbnail","hentry","category-geral"],"views":804,"_links":{"self":[{"href":"https:\/\/www.sudoestehoje.com.br\/novoportal\/wp-json\/wp\/v2\/posts\/78669","targetHints":{"allow":["GET"]}}],"collection":[{"href":"https:\/\/www.sudoestehoje.com.br\/novoportal\/wp-json\/wp\/v2\/posts"}],"about":[{"href":"https:\/\/www.sudoestehoje.com.br\/novoportal\/wp-json\/wp\/v2\/types\/post"}],"author":[{"embeddable":true,"href":"https:\/\/www.sudoestehoje.com.br\/novoportal\/wp-json\/wp\/v2\/users\/2"}],"replies":[{"embeddable":true,"href":"https:\/\/www.sudoestehoje.com.br\/novoportal\/wp-json\/wp\/v2\/comments?post=78669"}],"version-history":[{"count":3,"href":"https:\/\/www.sudoestehoje.com.br\/novoportal\/wp-json\/wp\/v2\/posts\/78669\/revisions"}],"predecessor-version":[{"id":78679,"href":"https:\/\/www.sudoestehoje.com.br\/novoportal\/wp-json\/wp\/v2\/posts\/78669\/revisions\/78679"}],"wp:featuredmedia":[{"embeddable":true,"href":"https:\/\/www.sudoestehoje.com.br\/novoportal\/wp-json\/wp\/v2\/media\/78672"}],"wp:attachment":[{"href":"https:\/\/www.sudoestehoje.com.br\/novoportal\/wp-json\/wp\/v2\/media?parent=78669"}],"wp:term":[{"taxonomy":"category","embeddable":true,"href":"https:\/\/www.sudoestehoje.com.br\/novoportal\/wp-json\/wp\/v2\/categories?post=78669"},{"taxonomy":"post_tag","embeddable":true,"href":"https:\/\/www.sudoestehoje.com.br\/novoportal\/wp-json\/wp\/v2\/tags?post=78669"}],"curies":[{"name":"wp","href":"https:\/\/api.w.org\/{rel}","templated":true}]}}