
{"id":78662,"date":"2019-03-14T22:18:43","date_gmt":"2019-03-15T01:18:43","guid":{"rendered":"http:\/\/www.sudoestehoje.com.br\/novoportal\/?p=78662"},"modified":"2019-03-14T23:56:10","modified_gmt":"2019-03-15T02:56:10","slug":"mano-walter-nao-se-apresentara-em-caatiba","status":"publish","type":"post","link":"https:\/\/www.sudoestehoje.com.br\/novoportal\/2019\/03\/14\/mano-walter-nao-se-apresentara-em-caatiba\/","title":{"rendered":"MANO WALTER N\u00c3O SE APRESENTAR\u00c1 EM CAATIBA"},"content":{"rendered":"\n<figure class=\"wp-block-image is-resized\"><img loading=\"lazy\" decoding=\"async\" src=\"http:\/\/www.sudoestehoje.com.br\/novoportal\/wp-content\/uploads\/2019\/03\/mano-5914035.jpg\" alt=\"\" class=\"wp-image-78664\" width=\"500\" height=\"243\" srcset=\"https:\/\/www.sudoestehoje.com.br\/novoportal\/wp-content\/uploads\/2019\/03\/mano-5914035.jpg 615w, https:\/\/www.sudoestehoje.com.br\/novoportal\/wp-content\/uploads\/2019\/03\/mano-5914035-500x244.jpg 500w\" sizes=\"auto, (max-width: 500px) 100vw, 500px\" \/><\/figure>\n\n\n\n<p style=\"text-align:center\"><strong>NOTA DE ESCLARECIMENTO<\/strong><\/p>\n\n\n\n<p>A Prefeitura Municipal de Caatiba vem a p\u00fablico esclarecer o equivoco envolvendo a agenda de Shows do cantor Mano Walter publicada em sua p\u00e1gina oficial do Instagram, onde o munic\u00edpio est\u00e1 inclu\u00eddo na rota de apresenta\u00e7\u00f5es do artista para o dia (31) de mar\u00e7o, data onde a cidade estar\u00e1 comemorando seu anivers\u00e1rio.<\/p>\n\n\n\n<p>Por se tratar de um artista de grande sucesso a n\u00edvel nacional, seu roteiro de shows foi visualizado e compartilhado pela cidade, chegando a repercutir por toda regi\u00e3o, tomando grandes propor\u00e7\u00f5es. Ao tomarmos conhecimento de tal fato, fizemos in\u00fameras tentativas de contato com a assessoria do artista para que fosse retirado da sua agenda o nome da cidade de Caatiba, uma vez que a atra\u00e7\u00e3o em quest\u00e3o n\u00e3o faz parte da programa\u00e7\u00e3o dos festejos da cidade e nem tampouco poderia fazer por se tratar de um show de alto cach\u00ea, totalmente invi\u00e1vel para a realidade do munic\u00edpio.<\/p>\n\n\n\n<p>A situa\u00e7\u00e3o supracitada vem trazendo\ntranstornos para administra\u00e7\u00e3o p\u00fablica, em diversos aspectos, chegando at\u00e9 ao Legislativo\nmunicipal que tamb\u00e9m tem sido questionado por populares que visualizam a\nincompatibilidade da \u201ccontrata\u00e7\u00e3o\u201d de um Show de valor exorbitante e discordante\ncom os recursos recebidos pelo munic\u00edpio. Pelos fatos aqui relatados, fizemos a\nsolicita\u00e7\u00e3o ao senhor Netinho Lins, assessor do cantor Mano Walter a corre\u00e7\u00e3o\nda agenda de shows, para que assim ficasse claro que Caatiba n\u00e3o ter\u00e1 a\napresenta\u00e7\u00e3o do artista em seu evento do dia 31 de mar\u00e7o.<\/p>\n\n\n\n<p>Sem obter o retorno necess\u00e1rio e devido at\u00e9 a presente data, a Prefeitura de Caatiba, na pessoa de sua representante legal Maria T\u00e2nia Ribeiro, em virtude de est\u00e1 sofrendo in\u00fameras cr\u00edticas e sendo alvo de amea\u00e7as de ser denunciada ao Minist\u00e9rio P\u00fablico, adotar\u00e1 medidas judiciais cab\u00edveis, movendo uma a\u00e7\u00e3o contra a produtora do artista Mano Walter, pelos preju\u00edzos \u00e0 sua figura p\u00fablica e pol\u00edtica.<\/p>\n\n\n\n<p>ASCOM-CAATIBA<\/p>\n","protected":false},"excerpt":{"rendered":"<p>NOTA DE ESCLARECIMENTO A Prefeitura Municipal de Caatiba vem a p\u00fablico esclarecer o equivoco envolvendo a agenda de Shows do cantor Mano Walter publicada em sua p\u00e1gina oficial do Instagram, onde o munic\u00edpio est\u00e1 inclu\u00eddo na rota de apresenta\u00e7\u00f5es do artista para o dia (31) de mar\u00e7o, data onde a cidade estar\u00e1 comemorando seu anivers\u00e1rio. [&hellip;]<\/p>\n","protected":false},"author":2,"featured_media":78664,"comment_status":"open","ping_status":"open","sticky":false,"template":"","format":"standard","meta":{"footnotes":"","_links_to":"","_links_to_target":""},"categories":[1],"tags":[],"class_list":["post-78662","post","type-post","status-publish","format-standard","has-post-thumbnail","hentry","category-geral"],"views":1201,"_links":{"self":[{"href":"https:\/\/www.sudoestehoje.com.br\/novoportal\/wp-json\/wp\/v2\/posts\/78662","targetHints":{"allow":["GET"]}}],"collection":[{"href":"https:\/\/www.sudoestehoje.com.br\/novoportal\/wp-json\/wp\/v2\/posts"}],"about":[{"href":"https:\/\/www.sudoestehoje.com.br\/novoportal\/wp-json\/wp\/v2\/types\/post"}],"author":[{"embeddable":true,"href":"https:\/\/www.sudoestehoje.com.br\/novoportal\/wp-json\/wp\/v2\/users\/2"}],"replies":[{"embeddable":true,"href":"https:\/\/www.sudoestehoje.com.br\/novoportal\/wp-json\/wp\/v2\/comments?post=78662"}],"version-history":[{"count":6,"href":"https:\/\/www.sudoestehoje.com.br\/novoportal\/wp-json\/wp\/v2\/posts\/78662\/revisions"}],"predecessor-version":[{"id":78676,"href":"https:\/\/www.sudoestehoje.com.br\/novoportal\/wp-json\/wp\/v2\/posts\/78662\/revisions\/78676"}],"wp:featuredmedia":[{"embeddable":true,"href":"https:\/\/www.sudoestehoje.com.br\/novoportal\/wp-json\/wp\/v2\/media\/78664"}],"wp:attachment":[{"href":"https:\/\/www.sudoestehoje.com.br\/novoportal\/wp-json\/wp\/v2\/media?parent=78662"}],"wp:term":[{"taxonomy":"category","embeddable":true,"href":"https:\/\/www.sudoestehoje.com.br\/novoportal\/wp-json\/wp\/v2\/categories?post=78662"},{"taxonomy":"post_tag","embeddable":true,"href":"https:\/\/www.sudoestehoje.com.br\/novoportal\/wp-json\/wp\/v2\/tags?post=78662"}],"curies":[{"name":"wp","href":"https:\/\/api.w.org\/{rel}","templated":true}]}}