
{"id":78637,"date":"2019-03-13T11:26:20","date_gmt":"2019-03-13T14:26:20","guid":{"rendered":"http:\/\/www.sudoestehoje.com.br\/novoportal\/?p=78637"},"modified":"2019-03-13T11:26:20","modified_gmt":"2019-03-13T14:26:20","slug":"tcm-aprova-contas-de-tarugao","status":"publish","type":"post","link":"https:\/\/www.sudoestehoje.com.br\/novoportal\/2019\/03\/13\/tcm-aprova-contas-de-tarugao\/","title":{"rendered":"TCM APROVA CONTAS DE TARUG\u00c3O"},"content":{"rendered":"<p><a href=\"http:\/\/www.sudoestehoje.com.br\/novoportal\/wp-content\/uploads\/2019\/03\/Tarug\u00e3o-1-500x304-500x304.jpg\"><img loading=\"lazy\" decoding=\"async\" class=\"aligncenter size-medium wp-image-78638\" src=\"http:\/\/www.sudoestehoje.com.br\/novoportal\/wp-content\/uploads\/2019\/03\/Tarug\u00e3o-1-500x304-500x304-500x304.jpg\" alt=\"\" width=\"500\" height=\"304\" \/><\/a><\/p>\n<p>As contas do ex-presidente da C\u00e2mara de Vereadores de Itapetinga, Eliomar Barreira (Tarug\u00e3o), referentes ao exerc\u00edcio 2017, foram julgadas regulares na sess\u00e3o plen\u00e1ria do Tribunal de Contas dos Munic\u00edpios &#8211; TCM, na tarde desta ter\u00e7a-feira (12), com parecer favor\u00e1vel pela sua aprova\u00e7\u00e3o pela corte de contas, por unanimidade.<\/p>\n<p>Tarug\u00e3o foi presidente da C\u00e2mara Municipal de Itapetinga no bi\u00eanio 2017-2018, realizando uma gest\u00e3o exemplar no campo financeiro administrativo, valorizando os servidores da casa e respeitando os \u00edndices de pessoal estabelecidos pela Lei de Responsabilidade Fiscal.<\/p>\n<p>No campo administrativo, realizou a reforma total do pr\u00e9dio da c\u00e2mara, com recursos pr\u00f3prios do Poder Legislativo, adquiriu e instalou equipamentos novos, como computadores, ar condicionados, m\u00f3veis, dentre outros.<\/p>\n<p>Parab\u00e9ns!<\/p>\n<p><strong><em>Por Davi Ferraz\u00a0\u00a0<\/em><\/strong><\/p>\n","protected":false},"excerpt":{"rendered":"<p>As contas do ex-presidente da C\u00e2mara de Vereadores de Itapetinga, Eliomar Barreira (Tarug\u00e3o), referentes ao exerc\u00edcio 2017, foram julgadas regulares na sess\u00e3o plen\u00e1ria do Tribunal de Contas dos Munic\u00edpios &#8211; TCM, na tarde desta ter\u00e7a-feira (12), com parecer favor\u00e1vel pela sua aprova\u00e7\u00e3o pela corte de contas, por unanimidade. Tarug\u00e3o foi presidente da C\u00e2mara Municipal de [&hellip;]<\/p>\n","protected":false},"author":2,"featured_media":78638,"comment_status":"open","ping_status":"open","sticky":false,"template":"","format":"standard","meta":{"footnotes":"","_links_to":"","_links_to_target":""},"categories":[1],"tags":[],"class_list":["post-78637","post","type-post","status-publish","format-standard","has-post-thumbnail","hentry","category-geral"],"views":972,"_links":{"self":[{"href":"https:\/\/www.sudoestehoje.com.br\/novoportal\/wp-json\/wp\/v2\/posts\/78637","targetHints":{"allow":["GET"]}}],"collection":[{"href":"https:\/\/www.sudoestehoje.com.br\/novoportal\/wp-json\/wp\/v2\/posts"}],"about":[{"href":"https:\/\/www.sudoestehoje.com.br\/novoportal\/wp-json\/wp\/v2\/types\/post"}],"author":[{"embeddable":true,"href":"https:\/\/www.sudoestehoje.com.br\/novoportal\/wp-json\/wp\/v2\/users\/2"}],"replies":[{"embeddable":true,"href":"https:\/\/www.sudoestehoje.com.br\/novoportal\/wp-json\/wp\/v2\/comments?post=78637"}],"version-history":[{"count":1,"href":"https:\/\/www.sudoestehoje.com.br\/novoportal\/wp-json\/wp\/v2\/posts\/78637\/revisions"}],"predecessor-version":[{"id":78639,"href":"https:\/\/www.sudoestehoje.com.br\/novoportal\/wp-json\/wp\/v2\/posts\/78637\/revisions\/78639"}],"wp:featuredmedia":[{"embeddable":true,"href":"https:\/\/www.sudoestehoje.com.br\/novoportal\/wp-json\/wp\/v2\/media\/78638"}],"wp:attachment":[{"href":"https:\/\/www.sudoestehoje.com.br\/novoportal\/wp-json\/wp\/v2\/media?parent=78637"}],"wp:term":[{"taxonomy":"category","embeddable":true,"href":"https:\/\/www.sudoestehoje.com.br\/novoportal\/wp-json\/wp\/v2\/categories?post=78637"},{"taxonomy":"post_tag","embeddable":true,"href":"https:\/\/www.sudoestehoje.com.br\/novoportal\/wp-json\/wp\/v2\/tags?post=78637"}],"curies":[{"name":"wp","href":"https:\/\/api.w.org\/{rel}","templated":true}]}}