
{"id":78632,"date":"2019-03-12T19:33:42","date_gmt":"2019-03-12T22:33:42","guid":{"rendered":"http:\/\/www.sudoestehoje.com.br\/novoportal\/?p=78632"},"modified":"2019-03-12T21:48:12","modified_gmt":"2019-03-13T00:48:12","slug":"medium-joao-de-deus-e-filho-tem-habeas-corpus-concedido-pelo-tj-de-goias","status":"publish","type":"post","link":"https:\/\/www.sudoestehoje.com.br\/novoportal\/2019\/03\/12\/medium-joao-de-deus-e-filho-tem-habeas-corpus-concedido-pelo-tj-de-goias\/","title":{"rendered":"M\u00c9DIUM JO\u00c3O DE DEUS E FILHO T\u00caM HABEAS CORPUS CONCEDIDO PELO TJ DE GOI\u00c1S"},"content":{"rendered":"<p><a href=\"http:\/\/www.sudoestehoje.com.br\/novoportal\/wp-content\/uploads\/2019\/03\/MEDIUM.jpg\"><img loading=\"lazy\" decoding=\"async\" class=\"aligncenter size-medium wp-image-78633\" src=\"http:\/\/www.sudoestehoje.com.br\/novoportal\/wp-content\/uploads\/2019\/03\/MEDIUM-500x281.jpg\" alt=\"\" width=\"500\" height=\"281\" srcset=\"https:\/\/www.sudoestehoje.com.br\/novoportal\/wp-content\/uploads\/2019\/03\/MEDIUM-500x281.jpg 500w, https:\/\/www.sudoestehoje.com.br\/novoportal\/wp-content\/uploads\/2019\/03\/MEDIUM-768x432.jpg 768w, https:\/\/www.sudoestehoje.com.br\/novoportal\/wp-content\/uploads\/2019\/03\/MEDIUM-700x394.jpg 700w, https:\/\/www.sudoestehoje.com.br\/novoportal\/wp-content\/uploads\/2019\/03\/MEDIUM.jpg 1280w\" sizes=\"auto, (max-width: 500px) 100vw, 500px\" \/><\/a><\/p>\n<p>O m\u00e9dium Jo\u00e3o de Deus e ao filho dele, Sandro Teixeira, tiveram os pedidos de habeas corpus concedidos, nesta ter\u00e7a-feira (12), por desembargadores do Tribunal de Justi\u00e7a do Estado de Goi\u00e1s (TJ-GO). Segundo o G1, o pedido analisado era em rela\u00e7\u00e3o \u00e0 pris\u00e3o por suspeita de tentar coagir testemunhas de suposto ass\u00e9dio cometido pelo m\u00e9dium.<\/p>\n<p>Jo\u00e3o de Deus est\u00e1 preso desde o dia 16 de dezembro ap\u00f3s den\u00fancias de abuso sexual de mulheres que o procuravam para atendimento espiritual em Abadi\u00e2nia. J\u00e1 o filho dele foi preso no \u00faltimo dia 2 de fevereiro, suspeito de coagir testemunhas.<\/p>\n<p>De acordo com o advogado Guilherme do Amaral, que representa Sandro, seu cliente deve ser colocado em liberdade ainda nesta ter\u00e7a-feira.<\/p>\n<p>J\u00e1 o m\u00e9dium continua preso devido a outros mandados de pris\u00e3o, apesar desta decis\u00e3o favor\u00e1vel.<\/p>\n","protected":false},"excerpt":{"rendered":"<p>O m\u00e9dium Jo\u00e3o de Deus e ao filho dele, Sandro Teixeira, tiveram os pedidos de habeas corpus concedidos, nesta ter\u00e7a-feira (12), por desembargadores do Tribunal de Justi\u00e7a do Estado de Goi\u00e1s (TJ-GO). Segundo o G1, o pedido analisado era em rela\u00e7\u00e3o \u00e0 pris\u00e3o por suspeita de tentar coagir testemunhas de suposto ass\u00e9dio cometido pelo m\u00e9dium. [&hellip;]<\/p>\n","protected":false},"author":2,"featured_media":78633,"comment_status":"open","ping_status":"open","sticky":false,"template":"","format":"standard","meta":{"footnotes":"","_links_to":"","_links_to_target":""},"categories":[1],"tags":[],"class_list":["post-78632","post","type-post","status-publish","format-standard","has-post-thumbnail","hentry","category-geral"],"views":1000,"_links":{"self":[{"href":"https:\/\/www.sudoestehoje.com.br\/novoportal\/wp-json\/wp\/v2\/posts\/78632","targetHints":{"allow":["GET"]}}],"collection":[{"href":"https:\/\/www.sudoestehoje.com.br\/novoportal\/wp-json\/wp\/v2\/posts"}],"about":[{"href":"https:\/\/www.sudoestehoje.com.br\/novoportal\/wp-json\/wp\/v2\/types\/post"}],"author":[{"embeddable":true,"href":"https:\/\/www.sudoestehoje.com.br\/novoportal\/wp-json\/wp\/v2\/users\/2"}],"replies":[{"embeddable":true,"href":"https:\/\/www.sudoestehoje.com.br\/novoportal\/wp-json\/wp\/v2\/comments?post=78632"}],"version-history":[{"count":1,"href":"https:\/\/www.sudoestehoje.com.br\/novoportal\/wp-json\/wp\/v2\/posts\/78632\/revisions"}],"predecessor-version":[{"id":78634,"href":"https:\/\/www.sudoestehoje.com.br\/novoportal\/wp-json\/wp\/v2\/posts\/78632\/revisions\/78634"}],"wp:featuredmedia":[{"embeddable":true,"href":"https:\/\/www.sudoestehoje.com.br\/novoportal\/wp-json\/wp\/v2\/media\/78633"}],"wp:attachment":[{"href":"https:\/\/www.sudoestehoje.com.br\/novoportal\/wp-json\/wp\/v2\/media?parent=78632"}],"wp:term":[{"taxonomy":"category","embeddable":true,"href":"https:\/\/www.sudoestehoje.com.br\/novoportal\/wp-json\/wp\/v2\/categories?post=78632"},{"taxonomy":"post_tag","embeddable":true,"href":"https:\/\/www.sudoestehoje.com.br\/novoportal\/wp-json\/wp\/v2\/tags?post=78632"}],"curies":[{"name":"wp","href":"https:\/\/api.w.org\/{rel}","templated":true}]}}