
{"id":7863,"date":"2011-08-26T06:26:13","date_gmt":"2011-08-26T09:26:13","guid":{"rendered":"http:\/\/www.sudoestehoje.com.br\/novoportal\/?p=7863"},"modified":"2011-08-26T06:26:13","modified_gmt":"2011-08-26T09:26:13","slug":"planserv-servidores-prometem-paralisacao","status":"publish","type":"post","link":"https:\/\/www.sudoestehoje.com.br\/novoportal\/2011\/08\/26\/planserv-servidores-prometem-paralisacao\/","title":{"rendered":"PLANSERV: SERVIDORES PROMETEM PARALISA\u00c7\u00c3O"},"content":{"rendered":"<p style=\"text-align: center;\"><img decoding=\"async\" class=\"aligncenter\" src=\"http:\/\/www.bahianoticias.com.br\/fotos\/editor\/Image\/FOTOS%20NOVAS\/planserv_logo_300x130.jpg\" alt=\"\" width=\"400\" \/><\/p>\n<p>Os servi\u00e7os p\u00fablicos estaduais estar\u00e3o paralisados nas pr\u00f3ximas ter\u00e7a (30) e quarta-feira (31), com vig\u00edlia e manifesta\u00e7\u00e3o dentro da Assembleia Legislativa da Bahia. De acordo com a Associa\u00e7\u00e3o dos Profissionais de Pol\u00edcia e Bombeiros Militares do Estado da Bahia (Aspol), o protesto ser\u00e1 feito por conta da vota\u00e7\u00e3o do projeto de lei que modera as consultas de emerg\u00eancia no Planserv (plano de sa\u00fade do funcionalismo p\u00fablico). A inten\u00e7\u00e3o \u00e9 que a medida, que seria votada na \u00faltima quarta (24) e foi adiada por uma semana, seja retirada da pauta para que seja rediscutida. BN<\/p>\n","protected":false},"excerpt":{"rendered":"<p>Os servi\u00e7os p\u00fablicos estaduais estar\u00e3o paralisados nas pr\u00f3ximas ter\u00e7a (30) e quarta-feira (31), com vig\u00edlia e manifesta\u00e7\u00e3o dentro da Assembleia Legislativa da Bahia. De acordo com a Associa\u00e7\u00e3o dos Profissionais de Pol\u00edcia e Bombeiros Militares do Estado da Bahia (Aspol), o protesto ser\u00e1 feito por conta da vota\u00e7\u00e3o do projeto de lei que modera as [&hellip;]<\/p>\n","protected":false},"author":2,"featured_media":0,"comment_status":"open","ping_status":"open","sticky":false,"template":"","format":"standard","meta":{"footnotes":"","_links_to":"","_links_to_target":""},"categories":[1],"tags":[],"class_list":["post-7863","post","type-post","status-publish","format-standard","hentry","category-geral"],"views":1198,"_links":{"self":[{"href":"https:\/\/www.sudoestehoje.com.br\/novoportal\/wp-json\/wp\/v2\/posts\/7863","targetHints":{"allow":["GET"]}}],"collection":[{"href":"https:\/\/www.sudoestehoje.com.br\/novoportal\/wp-json\/wp\/v2\/posts"}],"about":[{"href":"https:\/\/www.sudoestehoje.com.br\/novoportal\/wp-json\/wp\/v2\/types\/post"}],"author":[{"embeddable":true,"href":"https:\/\/www.sudoestehoje.com.br\/novoportal\/wp-json\/wp\/v2\/users\/2"}],"replies":[{"embeddable":true,"href":"https:\/\/www.sudoestehoje.com.br\/novoportal\/wp-json\/wp\/v2\/comments?post=7863"}],"version-history":[{"count":3,"href":"https:\/\/www.sudoestehoje.com.br\/novoportal\/wp-json\/wp\/v2\/posts\/7863\/revisions"}],"predecessor-version":[{"id":7866,"href":"https:\/\/www.sudoestehoje.com.br\/novoportal\/wp-json\/wp\/v2\/posts\/7863\/revisions\/7866"}],"wp:attachment":[{"href":"https:\/\/www.sudoestehoje.com.br\/novoportal\/wp-json\/wp\/v2\/media?parent=7863"}],"wp:term":[{"taxonomy":"category","embeddable":true,"href":"https:\/\/www.sudoestehoje.com.br\/novoportal\/wp-json\/wp\/v2\/categories?post=7863"},{"taxonomy":"post_tag","embeddable":true,"href":"https:\/\/www.sudoestehoje.com.br\/novoportal\/wp-json\/wp\/v2\/tags?post=7863"}],"curies":[{"name":"wp","href":"https:\/\/api.w.org\/{rel}","templated":true}]}}