
{"id":78629,"date":"2019-03-12T13:52:59","date_gmt":"2019-03-12T16:52:59","guid":{"rendered":"http:\/\/www.sudoestehoje.com.br\/novoportal\/?p=78629"},"modified":"2019-03-12T13:52:59","modified_gmt":"2019-03-12T16:52:59","slug":"morre-eurico-miranda-ex-presidente-do-vasco-da-gama","status":"publish","type":"post","link":"https:\/\/www.sudoestehoje.com.br\/novoportal\/2019\/03\/12\/morre-eurico-miranda-ex-presidente-do-vasco-da-gama\/","title":{"rendered":"MORRE EURICO MIRANDA, EX-PRESIDENTE DO VASCO DA GAMA"},"content":{"rendered":"<div class=\"mc-column content-text active-extra-styles active-capital-letter\" data-block-type=\"unstyled\" data-block-weight=\"32\" data-block-id=\"2\">\n<p class=\"content-text__container theme-color-primary-first-letter\" data-track-category=\"Link no Texto\" data-track-links=\"\"><a href=\"http:\/\/www.sudoestehoje.com.br\/novoportal\/wp-content\/uploads\/2019\/03\/eurico.jpg\"><img loading=\"lazy\" decoding=\"async\" class=\"aligncenter size-medium wp-image-78630\" src=\"http:\/\/www.sudoestehoje.com.br\/novoportal\/wp-content\/uploads\/2019\/03\/eurico-500x281.jpg\" alt=\"\" width=\"500\" height=\"281\" srcset=\"https:\/\/www.sudoestehoje.com.br\/novoportal\/wp-content\/uploads\/2019\/03\/eurico-500x281.jpg 500w, https:\/\/www.sudoestehoje.com.br\/novoportal\/wp-content\/uploads\/2019\/03\/eurico.jpg 640w\" sizes=\"auto, (max-width: 500px) 100vw, 500px\" \/><\/a><\/p>\n<p class=\"content-text__container theme-color-primary-first-letter\" data-track-category=\"Link no Texto\" data-track-links=\"\">Morreu nesta ter\u00e7a-feira (12), aos 74 anos, o ex-presidente do Vasco Eurico Miranda. O ex-dirigente lutava contra um c\u00e2ncer no c\u00e9rebro e estava internado em um hospital da Zona Oeste do Rio.<\/p>\n<\/div>\n<div class=\"wall protected-content\">\n<div class=\"mc-column content-text active-extra-styles \" data-block-type=\"unstyled\" data-block-weight=\"31\" data-block-id=\"3\">\n<p class=\"content-text__container \" data-track-category=\"Link no Texto\" data-track-links=\"\">Conhecido por suas pol\u00eamicas e conquistas, Eurico \u00e9 o mais ic\u00f4nico dirigente da hist\u00f3ria do clube de S\u00e3o Janu\u00e1rio. Atualmente, exercia o cargo de presidente do Conselho de Benem\u00e9ritos do clube.<\/p>\n<\/div>\n<div class=\"mc-column content-text active-extra-styles \" data-block-type=\"unstyled\" data-block-weight=\"66\" data-block-id=\"4\">\n<p class=\"content-text__container \" data-track-category=\"Link no Texto\" data-track-links=\"\">De acordo com informa\u00e7\u00f5es do\u00a0<a href=\"https:\/\/globoesporte.globo.com\/futebol\/times\/vasco\/noticia\/ex-presidente-do-vasco-eurico-miranda-morre-aos-74-anos.ghtml?utm_source=Twitter&amp;utm_medium=Social&amp;utm_content=Esporte&amp;utm_campaign=globoesportecom\">Globoesporte.com<\/a>, Eurico foi presidente do Vasco em dois per\u00edodos: de 2003 a 2008, e de 2015 a 2017. Tamb\u00e9m foi vice-presidente de futebol do clube entre 1990 e 2002, tendo participado do per\u00edodo de maiores conquistas do clube, como o Campeonato Brasileiro de 1997, a Copa Libertadores de 1998, a Copa Jo\u00e3o Havelange de 2000 e a Copa Mercosul de 2000.<\/p>\n<\/div>\n<div class=\"mc-column content-text active-extra-styles \" data-block-type=\"unstyled\" data-block-weight=\"44\" data-block-id=\"5\">\n<p class=\"content-text__container \" data-track-category=\"Link no Texto\" data-track-links=\"\">O c\u00e2ncer no c\u00e9rebro foi o terceiro contra o qual lutou Eurico. Antes, j\u00e1 havia superado um c\u00e2ncer na bexiga e outro no pulm\u00e3o. Nos \u00faltimos meses, andava de cadeira de rodas. Recentemente, passou a se tratar em casa, com idas frequentes ao m\u00e9dico.<\/p>\n<\/div>\n<\/div>\n","protected":false},"excerpt":{"rendered":"<p>Morreu nesta ter\u00e7a-feira (12), aos 74 anos, o ex-presidente do Vasco Eurico Miranda. O ex-dirigente lutava contra um c\u00e2ncer no c\u00e9rebro e estava internado em um hospital da Zona Oeste do Rio. Conhecido por suas pol\u00eamicas e conquistas, Eurico \u00e9 o mais ic\u00f4nico dirigente da hist\u00f3ria do clube de S\u00e3o Janu\u00e1rio. Atualmente, exercia o cargo [&hellip;]<\/p>\n","protected":false},"author":2,"featured_media":78630,"comment_status":"open","ping_status":"open","sticky":false,"template":"","format":"standard","meta":{"footnotes":"","_links_to":"","_links_to_target":""},"categories":[1],"tags":[],"class_list":["post-78629","post","type-post","status-publish","format-standard","has-post-thumbnail","hentry","category-geral"],"views":918,"_links":{"self":[{"href":"https:\/\/www.sudoestehoje.com.br\/novoportal\/wp-json\/wp\/v2\/posts\/78629","targetHints":{"allow":["GET"]}}],"collection":[{"href":"https:\/\/www.sudoestehoje.com.br\/novoportal\/wp-json\/wp\/v2\/posts"}],"about":[{"href":"https:\/\/www.sudoestehoje.com.br\/novoportal\/wp-json\/wp\/v2\/types\/post"}],"author":[{"embeddable":true,"href":"https:\/\/www.sudoestehoje.com.br\/novoportal\/wp-json\/wp\/v2\/users\/2"}],"replies":[{"embeddable":true,"href":"https:\/\/www.sudoestehoje.com.br\/novoportal\/wp-json\/wp\/v2\/comments?post=78629"}],"version-history":[{"count":1,"href":"https:\/\/www.sudoestehoje.com.br\/novoportal\/wp-json\/wp\/v2\/posts\/78629\/revisions"}],"predecessor-version":[{"id":78631,"href":"https:\/\/www.sudoestehoje.com.br\/novoportal\/wp-json\/wp\/v2\/posts\/78629\/revisions\/78631"}],"wp:featuredmedia":[{"embeddable":true,"href":"https:\/\/www.sudoestehoje.com.br\/novoportal\/wp-json\/wp\/v2\/media\/78630"}],"wp:attachment":[{"href":"https:\/\/www.sudoestehoje.com.br\/novoportal\/wp-json\/wp\/v2\/media?parent=78629"}],"wp:term":[{"taxonomy":"category","embeddable":true,"href":"https:\/\/www.sudoestehoje.com.br\/novoportal\/wp-json\/wp\/v2\/categories?post=78629"},{"taxonomy":"post_tag","embeddable":true,"href":"https:\/\/www.sudoestehoje.com.br\/novoportal\/wp-json\/wp\/v2\/tags?post=78629"}],"curies":[{"name":"wp","href":"https:\/\/api.w.org\/{rel}","templated":true}]}}