
{"id":78615,"date":"2019-03-10T22:39:52","date_gmt":"2019-03-11T01:39:52","guid":{"rendered":"http:\/\/www.sudoestehoje.com.br\/novoportal\/?p=78615"},"modified":"2019-03-11T12:01:17","modified_gmt":"2019-03-11T15:01:17","slug":"sefaz-abre-inscricoes-para-concurso-nesta-segunda-com-salario-de-ate-r-158-mil","status":"publish","type":"post","link":"https:\/\/www.sudoestehoje.com.br\/novoportal\/2019\/03\/10\/sefaz-abre-inscricoes-para-concurso-nesta-segunda-com-salario-de-ate-r-158-mil\/","title":{"rendered":"SEFAZ ABRE INSCRI\u00c7\u00d5ES PARA CONCURSO NESTA SEGUNDA, COM SAL\u00c1RIO DE AT\u00c9 R$ 15,8 MIL"},"content":{"rendered":"<div id=\"attachment_78622\" style=\"width: 510px\" class=\"wp-caption aligncenter\"><a href=\"http:\/\/www.sudoestehoje.com.br\/novoportal\/wp-content\/uploads\/2019\/03\/sefaz-ba.jpg\"><img loading=\"lazy\" decoding=\"async\" aria-describedby=\"caption-attachment-78622\" class=\"size-medium wp-image-78622\" src=\"http:\/\/www.sudoestehoje.com.br\/novoportal\/wp-content\/uploads\/2019\/03\/sefaz-ba-500x301.jpg\" alt=\"\" width=\"500\" height=\"301\" srcset=\"https:\/\/www.sudoestehoje.com.br\/novoportal\/wp-content\/uploads\/2019\/03\/sefaz-ba-500x301.jpg 500w, https:\/\/www.sudoestehoje.com.br\/novoportal\/wp-content\/uploads\/2019\/03\/sefaz-ba-768x462.jpg 768w, https:\/\/www.sudoestehoje.com.br\/novoportal\/wp-content\/uploads\/2019\/03\/sefaz-ba-700x421.jpg 700w\" sizes=\"auto, (max-width: 500px) 100vw, 500px\" \/><\/a><p id=\"caption-attachment-78622\" class=\"wp-caption-text\">Fachada da sede da secretaria estadual da Fazenda da Bahia.<\/p><\/div>\n<p>Come\u00e7am nesta segunda-feira (11), a partir das 10h, as inscri\u00e7\u00f5es para o concurso p\u00fablico de auditor fiscal promovido pelas secretarias da Administra\u00e7\u00e3o (Saeb) e da Fazenda (Sefaz) da Bahia, que que oferece 60 vagas. As inscri\u00e7\u00f5es devem ser feitas pela internet, no site da Funda\u00e7\u00e3o Carlos Chagas (FCC), no endere\u00e7o<span style=\"color: #0000ff;\">\u00a0<\/span><strong><span style=\"color: #0000ff;\"><a style=\"color: #0000ff;\" href=\"https:\/\/www.concursosfcc.com.br\/concursoAndamento.html\" target=\"_blank\" rel=\"noopener noreferrer\">www.concursosfcc.com.br<\/a><\/span>\u00a0<\/strong>at\u00e9 as 14h do dia 5 de abril. A taxa de inscri\u00e7\u00e3o \u00e9 de R$ 170.<\/p>\n<p>Podem se inscrever profissionais com forma\u00e7\u00e3o superior em Administra\u00e7\u00e3o, Ci\u00eancias Econ\u00f4micas, Ci\u00eancias Cont\u00e1beis, Direito, Engenharia, Inform\u00e1tica, Sistemas de Informa\u00e7\u00e3o, Ci\u00eancia da Computa\u00e7\u00e3o ou Processamento de Dados \u2013 desde que as gradua\u00e7\u00f5es possuam reconhecimento do Minist\u00e9rio da Educa\u00e7\u00e3o (MEC). Das 60 vagas ofertadas, 24 s\u00e3o para a \u00e1rea de Administra\u00e7\u00e3o, Finan\u00e7as e Controle Interno; 17 para Tecnologia da Informa\u00e7\u00e3o; e 19 para Administra\u00e7\u00e3o Tribut\u00e1ria.<\/p>\n<p>S\u00e3o asseguradas 5% das vagas para pessoas com defici\u00eancia e 30% para os candidatos que se autodeclarem negros. No primeiro caso, as atividades a serem desempenhadas pela fun\u00e7\u00e3o escolhida devem ser compat\u00edveis com a defici\u00eancia do candidato, que passar\u00e1 por per\u00edcia da Junta M\u00e9dica Oficial do Estado. J\u00e1 a autodeclara\u00e7\u00e3o de candidatos negros contar\u00e1 com procedimento de heteroidentifica\u00e7\u00e3o, conduzido por comiss\u00e3o a ser institu\u00edda pela FCC.<\/p>\n","protected":false},"excerpt":{"rendered":"<p>Come\u00e7am nesta segunda-feira (11), a partir das 10h, as inscri\u00e7\u00f5es para o concurso p\u00fablico de auditor fiscal promovido pelas secretarias da Administra\u00e7\u00e3o (Saeb) e da Fazenda (Sefaz) da Bahia, que que oferece 60 vagas. As inscri\u00e7\u00f5es devem ser feitas pela internet, no site da Funda\u00e7\u00e3o Carlos Chagas (FCC), no endere\u00e7o\u00a0www.concursosfcc.com.br\u00a0at\u00e9 as 14h do dia 5 [&hellip;]<\/p>\n","protected":false},"author":2,"featured_media":78622,"comment_status":"open","ping_status":"open","sticky":false,"template":"","format":"standard","meta":{"footnotes":"","_links_to":"","_links_to_target":""},"categories":[1],"tags":[],"class_list":["post-78615","post","type-post","status-publish","format-standard","has-post-thumbnail","hentry","category-geral"],"views":1700,"_links":{"self":[{"href":"https:\/\/www.sudoestehoje.com.br\/novoportal\/wp-json\/wp\/v2\/posts\/78615","targetHints":{"allow":["GET"]}}],"collection":[{"href":"https:\/\/www.sudoestehoje.com.br\/novoportal\/wp-json\/wp\/v2\/posts"}],"about":[{"href":"https:\/\/www.sudoestehoje.com.br\/novoportal\/wp-json\/wp\/v2\/types\/post"}],"author":[{"embeddable":true,"href":"https:\/\/www.sudoestehoje.com.br\/novoportal\/wp-json\/wp\/v2\/users\/2"}],"replies":[{"embeddable":true,"href":"https:\/\/www.sudoestehoje.com.br\/novoportal\/wp-json\/wp\/v2\/comments?post=78615"}],"version-history":[{"count":6,"href":"https:\/\/www.sudoestehoje.com.br\/novoportal\/wp-json\/wp\/v2\/posts\/78615\/revisions"}],"predecessor-version":[{"id":78623,"href":"https:\/\/www.sudoestehoje.com.br\/novoportal\/wp-json\/wp\/v2\/posts\/78615\/revisions\/78623"}],"wp:featuredmedia":[{"embeddable":true,"href":"https:\/\/www.sudoestehoje.com.br\/novoportal\/wp-json\/wp\/v2\/media\/78622"}],"wp:attachment":[{"href":"https:\/\/www.sudoestehoje.com.br\/novoportal\/wp-json\/wp\/v2\/media?parent=78615"}],"wp:term":[{"taxonomy":"category","embeddable":true,"href":"https:\/\/www.sudoestehoje.com.br\/novoportal\/wp-json\/wp\/v2\/categories?post=78615"},{"taxonomy":"post_tag","embeddable":true,"href":"https:\/\/www.sudoestehoje.com.br\/novoportal\/wp-json\/wp\/v2\/tags?post=78615"}],"curies":[{"name":"wp","href":"https:\/\/api.w.org\/{rel}","templated":true}]}}