
{"id":786,"date":"2010-10-02T11:11:48","date_gmt":"2010-10-02T14:11:48","guid":{"rendered":"http:\/\/sudoestehoje.tempsite.ws\/novoportal\/?p=786"},"modified":"2010-10-02T11:20:27","modified_gmt":"2010-10-02T14:20:27","slug":"eleicoes-grupo-de-ze-otavio-quer-ampliar-votacao-de-fabio-souto-e-heraldo-rocha","status":"publish","type":"post","link":"https:\/\/www.sudoestehoje.com.br\/novoportal\/2010\/10\/02\/eleicoes-grupo-de-ze-otavio-quer-ampliar-votacao-de-fabio-souto-e-heraldo-rocha\/","title":{"rendered":"Elei\u00e7\u00f5es: Grupo de Z\u00e9 Ot\u00e1vio quer ampliar vota\u00e7\u00e3o de F\u00e1bio Souto e Heraldo Rocha"},"content":{"rendered":"<p style=\"text-align: center;\"><a rel=\"attachment wp-att-793\" href=\"http:\/\/sudoestehoje.tempsite.ws\/novoportal\/2010\/10\/02\/eleicoes-grupo-de-ze-otavio-quer-ampliar-votacao-de-fabio-souto-e-heraldo-rocha\/100_3304\/\"><img loading=\"lazy\" decoding=\"async\" class=\"aligncenter size-medium wp-image-793\" title=\"100_3304\" src=\"http:\/\/sudoestehoje.tempsite.ws\/novoportal\/wp-content\/uploads\/2010\/10\/100_3304-500x375.jpg\" alt=\"\" width=\"500\" height=\"375\" srcset=\"https:\/\/www.sudoestehoje.com.br\/novoportal\/wp-content\/uploads\/2010\/10\/100_3304-500x375.jpg 500w, https:\/\/www.sudoestehoje.com.br\/novoportal\/wp-content\/uploads\/2010\/10\/100_3304-1024x768.jpg 1024w\" sizes=\"auto, (max-width: 500px) 100vw, 500px\" \/><\/a><a rel=\"attachment wp-att-787\" href=\"http:\/\/sudoestehoje.tempsite.ws\/novoportal\/2010\/10\/02\/eleicoes-grupo-de-ze-otavio-quer-ampliar-votacao-de-fabio-souto-e-heraldo-rocha\/100_3296\/\"><\/a><\/p>\n<p style=\"text-align: center;\"><strong>Z\u00e9 Ot\u00e1vio,\u00a0 ao lado de Paulo Souto, Heraldo Rocha e F\u00e1bio Souto<\/strong><\/p>\n<p>\u00a0<\/p>\n<p>ITAPETINGA: O grupo pol\u00edtico liderado pelo ex-prefeito Jos\u00e9 Ot\u00e1vio Curvelo (DEM), est\u00e1 de porta em porta pedindo votos para os candidatos Paulo Souto, F\u00e1bio e Heraldo Rocha, no intuito de repetir, ou at\u00e9 ampliar, \u00a0as vota\u00e7\u00f5es que estes candidatos obtiveram nas elei\u00e7\u00f5es de 2006.<\/p>\n<p>Para o grupo democrata, a vit\u00f3ria de Paulo Souto em Itapetinga \u00e9 garantida, face \u00e0s grandes realiza\u00e7\u00f5es do ex-governador nesta regi\u00e3o, a exemplo da Azal\u00e9ia, que transformou a economia local e regional.<\/p>\n<p>\u00c9 com este discurso que o grupo do ex-prefeito Z\u00e9 Ot\u00e1vio, do vereador Chiquinho e do ex-candidato a prefeito\u00a0Renan Pereira vem se apresentando ao eleitorado e obtendo uma excelente receptividade. Segundo os democratas, o eleitor sente saudades dos &#8220;bons tempos&#8221; do governo Paulo Souto e dos seus grandes feitos em Itapetinga.<\/p>\n<p>Davi Ferraz &#8211; Editor<\/p>\n","protected":false},"excerpt":{"rendered":"<p>Z\u00e9 Ot\u00e1vio,\u00a0 ao lado de Paulo Souto, Heraldo Rocha e F\u00e1bio Souto \u00a0 ITAPETINGA: O grupo pol\u00edtico liderado pelo ex-prefeito Jos\u00e9 Ot\u00e1vio Curvelo (DEM), est\u00e1 de porta em porta pedindo votos para os candidatos Paulo Souto, F\u00e1bio e Heraldo Rocha, no intuito de repetir, ou at\u00e9 ampliar, \u00a0as vota\u00e7\u00f5es que estes candidatos obtiveram nas elei\u00e7\u00f5es [&hellip;]<\/p>\n","protected":false},"author":2,"featured_media":0,"comment_status":"open","ping_status":"open","sticky":false,"template":"","format":"standard","meta":{"footnotes":"","_links_to":"","_links_to_target":""},"categories":[1],"tags":[],"class_list":["post-786","post","type-post","status-publish","format-standard","hentry","category-geral"],"views":1160,"_links":{"self":[{"href":"https:\/\/www.sudoestehoje.com.br\/novoportal\/wp-json\/wp\/v2\/posts\/786","targetHints":{"allow":["GET"]}}],"collection":[{"href":"https:\/\/www.sudoestehoje.com.br\/novoportal\/wp-json\/wp\/v2\/posts"}],"about":[{"href":"https:\/\/www.sudoestehoje.com.br\/novoportal\/wp-json\/wp\/v2\/types\/post"}],"author":[{"embeddable":true,"href":"https:\/\/www.sudoestehoje.com.br\/novoportal\/wp-json\/wp\/v2\/users\/2"}],"replies":[{"embeddable":true,"href":"https:\/\/www.sudoestehoje.com.br\/novoportal\/wp-json\/wp\/v2\/comments?post=786"}],"version-history":[{"count":7,"href":"https:\/\/www.sudoestehoje.com.br\/novoportal\/wp-json\/wp\/v2\/posts\/786\/revisions"}],"predecessor-version":[{"id":792,"href":"https:\/\/www.sudoestehoje.com.br\/novoportal\/wp-json\/wp\/v2\/posts\/786\/revisions\/792"}],"wp:attachment":[{"href":"https:\/\/www.sudoestehoje.com.br\/novoportal\/wp-json\/wp\/v2\/media?parent=786"}],"wp:term":[{"taxonomy":"category","embeddable":true,"href":"https:\/\/www.sudoestehoje.com.br\/novoportal\/wp-json\/wp\/v2\/categories?post=786"},{"taxonomy":"post_tag","embeddable":true,"href":"https:\/\/www.sudoestehoje.com.br\/novoportal\/wp-json\/wp\/v2\/tags?post=786"}],"curies":[{"name":"wp","href":"https:\/\/api.w.org\/{rel}","templated":true}]}}