
{"id":78589,"date":"2019-03-08T20:04:29","date_gmt":"2019-03-08T23:04:29","guid":{"rendered":"http:\/\/www.sudoestehoje.com.br\/novoportal\/?p=78589"},"modified":"2019-03-08T20:05:45","modified_gmt":"2019-03-08T23:05:45","slug":"ao-ser-chamado-de-moleque-prefeito-de-morro-do-chapeu-da-tapa-na-cara-de-fazendeiro","status":"publish","type":"post","link":"https:\/\/www.sudoestehoje.com.br\/novoportal\/2019\/03\/08\/ao-ser-chamado-de-moleque-prefeito-de-morro-do-chapeu-da-tapa-na-cara-de-fazendeiro\/","title":{"rendered":"V\u00cdDEO: AO SER CHAMADO DE &#8220;MOLEQUE&#8221;, PREFEITO DE MORRO DO CHAP\u00c9U D\u00c1 TAPA NA CARA DE FAZENDEIRO"},"content":{"rendered":"<p><a href=\"http:\/\/www.sudoestehoje.com.br\/novoportal\/wp-content\/uploads\/2019\/03\/Prefeito-de-Morro-do-Chap\u00e9u.jpg\"><img loading=\"lazy\" decoding=\"async\" class=\"aligncenter size-medium wp-image-78590\" src=\"http:\/\/www.sudoestehoje.com.br\/novoportal\/wp-content\/uploads\/2019\/03\/Prefeito-de-Morro-do-Chap\u00e9u-500x291.jpg\" alt=\"\" width=\"500\" height=\"291\" srcset=\"https:\/\/www.sudoestehoje.com.br\/novoportal\/wp-content\/uploads\/2019\/03\/Prefeito-de-Morro-do-Chap\u00e9u-500x291.jpg 500w, https:\/\/www.sudoestehoje.com.br\/novoportal\/wp-content\/uploads\/2019\/03\/Prefeito-de-Morro-do-Chap\u00e9u.jpg 550w\" sizes=\"auto, (max-width: 500px) 100vw, 500px\" \/><\/a><\/p>\n<p>Uma reuni\u00e3o entre o prefeito de Morro do Chap\u00e9u, na Chapada Diamantina, e moradores do distrito de Ic\u00f3 terminou mal. Nas imagens que circulam pelas redes sociais est\u00e3o registrados momentos de uma acalorada discuss\u00e3o entre o pol\u00edtico Leo Dourado e o empres\u00e1rio Aderbal Oliveira, conhecido como Aderbalzinho, propriet\u00e1rio de uma fazenda no munic\u00edpio.<\/p>\n<p>A confus\u00e3o teve in\u00edcio quando o fazendeiro discursava e rebateu acusa\u00e7\u00f5es de ter pedido ao um funcion\u00e1rio da prefeitura para pagar o sal\u00e1rio de um empregado da sua fazenda. O prefeito tamb\u00e9m pede a palavra, a pol\u00eamica cresce e quando o fazendeiro chama o prefeito de moleque, \u00e9 agredido com um tapa na face. Confira o v\u00eddeo da agress\u00e3o:<\/p>\n<p>https:\/\/www.youtube.com\/watch?time_continue=3&#038;v=rtQrxCZ51bc<\/p>\n","protected":false},"excerpt":{"rendered":"<p>Uma reuni\u00e3o entre o prefeito de Morro do Chap\u00e9u, na Chapada Diamantina, e moradores do distrito de Ic\u00f3 terminou mal. Nas imagens que circulam pelas redes sociais est\u00e3o registrados momentos de uma acalorada discuss\u00e3o entre o pol\u00edtico Leo Dourado e o empres\u00e1rio Aderbal Oliveira, conhecido como Aderbalzinho, propriet\u00e1rio de uma fazenda no munic\u00edpio. A confus\u00e3o [&hellip;]<\/p>\n","protected":false},"author":2,"featured_media":78590,"comment_status":"open","ping_status":"open","sticky":false,"template":"","format":"standard","meta":{"footnotes":"","_links_to":"","_links_to_target":""},"categories":[1],"tags":[],"class_list":["post-78589","post","type-post","status-publish","format-standard","has-post-thumbnail","hentry","category-geral"],"views":1054,"_links":{"self":[{"href":"https:\/\/www.sudoestehoje.com.br\/novoportal\/wp-json\/wp\/v2\/posts\/78589","targetHints":{"allow":["GET"]}}],"collection":[{"href":"https:\/\/www.sudoestehoje.com.br\/novoportal\/wp-json\/wp\/v2\/posts"}],"about":[{"href":"https:\/\/www.sudoestehoje.com.br\/novoportal\/wp-json\/wp\/v2\/types\/post"}],"author":[{"embeddable":true,"href":"https:\/\/www.sudoestehoje.com.br\/novoportal\/wp-json\/wp\/v2\/users\/2"}],"replies":[{"embeddable":true,"href":"https:\/\/www.sudoestehoje.com.br\/novoportal\/wp-json\/wp\/v2\/comments?post=78589"}],"version-history":[{"count":4,"href":"https:\/\/www.sudoestehoje.com.br\/novoportal\/wp-json\/wp\/v2\/posts\/78589\/revisions"}],"predecessor-version":[{"id":78594,"href":"https:\/\/www.sudoestehoje.com.br\/novoportal\/wp-json\/wp\/v2\/posts\/78589\/revisions\/78594"}],"wp:featuredmedia":[{"embeddable":true,"href":"https:\/\/www.sudoestehoje.com.br\/novoportal\/wp-json\/wp\/v2\/media\/78590"}],"wp:attachment":[{"href":"https:\/\/www.sudoestehoje.com.br\/novoportal\/wp-json\/wp\/v2\/media?parent=78589"}],"wp:term":[{"taxonomy":"category","embeddable":true,"href":"https:\/\/www.sudoestehoje.com.br\/novoportal\/wp-json\/wp\/v2\/categories?post=78589"},{"taxonomy":"post_tag","embeddable":true,"href":"https:\/\/www.sudoestehoje.com.br\/novoportal\/wp-json\/wp\/v2\/tags?post=78589"}],"curies":[{"name":"wp","href":"https:\/\/api.w.org\/{rel}","templated":true}]}}