
{"id":78578,"date":"2019-03-08T19:44:24","date_gmt":"2019-03-08T22:44:24","guid":{"rendered":"http:\/\/www.sudoestehoje.com.br\/novoportal\/?p=78578"},"modified":"2019-03-08T19:44:24","modified_gmt":"2019-03-08T22:44:24","slug":"cinzas-usadas-em-missa-no-interior-do-ceara-provocam-queimaduras-em-fieis","status":"publish","type":"post","link":"https:\/\/www.sudoestehoje.com.br\/novoportal\/2019\/03\/08\/cinzas-usadas-em-missa-no-interior-do-ceara-provocam-queimaduras-em-fieis\/","title":{"rendered":"CINZAS USADAS EM MISSA NO INTERIOR DO CEAR\u00c1 PROVOCAM QUEIMADURAS EM FI\u00c9IS"},"content":{"rendered":"<p class=\"bodytext\"><a href=\"http:\/\/www.sudoestehoje.com.br\/novoportal\/wp-content\/uploads\/2019\/03\/CINZA-1.jpg\"><img loading=\"lazy\" decoding=\"async\" class=\"aligncenter size-medium wp-image-78579\" src=\"http:\/\/www.sudoestehoje.com.br\/novoportal\/wp-content\/uploads\/2019\/03\/CINZA-1-500x290.jpg\" alt=\"\" width=\"500\" height=\"290\" srcset=\"https:\/\/www.sudoestehoje.com.br\/novoportal\/wp-content\/uploads\/2019\/03\/CINZA-1-500x290.jpg 500w, https:\/\/www.sudoestehoje.com.br\/novoportal\/wp-content\/uploads\/2019\/03\/CINZA-1-768x445.jpg 768w, https:\/\/www.sudoestehoje.com.br\/novoportal\/wp-content\/uploads\/2019\/03\/CINZA-1-700x405.jpg 700w, https:\/\/www.sudoestehoje.com.br\/novoportal\/wp-content\/uploads\/2019\/03\/CINZA-1.jpg 1000w\" sizes=\"auto, (max-width: 500px) 100vw, 500px\" \/><\/a><\/p>\n<p class=\"bodytext\">Um grupo de fi\u00e9is relatou ter ficado com queimaduras na testa ap\u00f3s as cinzas, usadas na missa dessa quarta-feira, 6, pela Igreja cat\u00f3lica de Ipueiras, ter entrado em contato com a pele. Segundo eles, a rea\u00e7\u00e3o foi imediata e deixou marcas.<\/p>\n<p class=\"bodytext\">A professora Maria Arli Alves Damasceno contou que o filho, de 11 anos, e a sogra, Francisca Alves, estiveram na missa e foram atingidas pelas cinzas na testa. A pr\u00e1tica \u00e9 comum em celebra\u00e7\u00f5es cat\u00f3licas e consiste em receber na testa ou na cabe\u00e7a o sinal da cruz feito com cinzas.<\/p>\n<p class=\"bodytext\">&#8220;A gente est\u00e1 surpreso. Eu acredito que o padre n\u00e3o tem culpa do que aconteceu, foi uma fatalidade. Eu n\u00e3o quero culpar ningu\u00e9m, s\u00f3 sei que foi um fato lament\u00e1vel&#8221;, relatou Maria Arli. &#8220;N\u00e3o estou procurando culpados ou culpando algu\u00e9m&#8221;, disse.<\/p>\n<p class=\"bodytext\"><a href=\"http:\/\/www.sudoestehoje.com.br\/novoportal\/wp-content\/uploads\/2019\/03\/CINZA-2.jpg\"><img loading=\"lazy\" decoding=\"async\" class=\"aligncenter size-medium wp-image-78580\" src=\"http:\/\/www.sudoestehoje.com.br\/novoportal\/wp-content\/uploads\/2019\/03\/CINZA-2-500x281.jpg\" alt=\"\" width=\"500\" height=\"281\" srcset=\"https:\/\/www.sudoestehoje.com.br\/novoportal\/wp-content\/uploads\/2019\/03\/CINZA-2-500x281.jpg 500w, https:\/\/www.sudoestehoje.com.br\/novoportal\/wp-content\/uploads\/2019\/03\/CINZA-2-768x432.jpg 768w, https:\/\/www.sudoestehoje.com.br\/novoportal\/wp-content\/uploads\/2019\/03\/CINZA-2-700x393.jpg 700w, https:\/\/www.sudoestehoje.com.br\/novoportal\/wp-content\/uploads\/2019\/03\/CINZA-2.jpg 1000w\" sizes=\"auto, (max-width: 500px) 100vw, 500px\" \/><\/a><\/p>\n<p class=\"bodytext\">&#8220;Comecei a olhar para as pessoas e percebi que estavam alvoro\u00e7adas, se abanando. Ent\u00e3o eu vi que n\u00e3o era s\u00f3 comigo&#8221;, contou Cristiano. Segundo ele, o pr\u00f3prio padre pediu que os fi\u00e9is limpassem as cinzas da testa. S\u00f3 ent\u00e3o os presentes se deram conta dos hematomas causados.<\/p>\n<p class=\"bodytext\">&#8220;O padre pediu desculpas, se emocionou, e explicou que n\u00e3o sabia o que tinha acontecido&#8221;. Cristiano relata que as cinzas foram enviadas para Fortaleza, para passar por an\u00e1lise.<\/p>\n","protected":false},"excerpt":{"rendered":"<p>Um grupo de fi\u00e9is relatou ter ficado com queimaduras na testa ap\u00f3s as cinzas, usadas na missa dessa quarta-feira, 6, pela Igreja cat\u00f3lica de Ipueiras, ter entrado em contato com a pele. Segundo eles, a rea\u00e7\u00e3o foi imediata e deixou marcas. A professora Maria Arli Alves Damasceno contou que o filho, de 11 anos, e [&hellip;]<\/p>\n","protected":false},"author":2,"featured_media":78579,"comment_status":"open","ping_status":"open","sticky":false,"template":"","format":"standard","meta":{"footnotes":"","_links_to":"","_links_to_target":""},"categories":[1],"tags":[],"class_list":["post-78578","post","type-post","status-publish","format-standard","has-post-thumbnail","hentry","category-geral"],"views":1290,"_links":{"self":[{"href":"https:\/\/www.sudoestehoje.com.br\/novoportal\/wp-json\/wp\/v2\/posts\/78578","targetHints":{"allow":["GET"]}}],"collection":[{"href":"https:\/\/www.sudoestehoje.com.br\/novoportal\/wp-json\/wp\/v2\/posts"}],"about":[{"href":"https:\/\/www.sudoestehoje.com.br\/novoportal\/wp-json\/wp\/v2\/types\/post"}],"author":[{"embeddable":true,"href":"https:\/\/www.sudoestehoje.com.br\/novoportal\/wp-json\/wp\/v2\/users\/2"}],"replies":[{"embeddable":true,"href":"https:\/\/www.sudoestehoje.com.br\/novoportal\/wp-json\/wp\/v2\/comments?post=78578"}],"version-history":[{"count":3,"href":"https:\/\/www.sudoestehoje.com.br\/novoportal\/wp-json\/wp\/v2\/posts\/78578\/revisions"}],"predecessor-version":[{"id":78583,"href":"https:\/\/www.sudoestehoje.com.br\/novoportal\/wp-json\/wp\/v2\/posts\/78578\/revisions\/78583"}],"wp:featuredmedia":[{"embeddable":true,"href":"https:\/\/www.sudoestehoje.com.br\/novoportal\/wp-json\/wp\/v2\/media\/78579"}],"wp:attachment":[{"href":"https:\/\/www.sudoestehoje.com.br\/novoportal\/wp-json\/wp\/v2\/media?parent=78578"}],"wp:term":[{"taxonomy":"category","embeddable":true,"href":"https:\/\/www.sudoestehoje.com.br\/novoportal\/wp-json\/wp\/v2\/categories?post=78578"},{"taxonomy":"post_tag","embeddable":true,"href":"https:\/\/www.sudoestehoje.com.br\/novoportal\/wp-json\/wp\/v2\/tags?post=78578"}],"curies":[{"name":"wp","href":"https:\/\/api.w.org\/{rel}","templated":true}]}}