
{"id":78575,"date":"2019-03-08T19:30:25","date_gmt":"2019-03-08T22:30:25","guid":{"rendered":"http:\/\/www.sudoestehoje.com.br\/novoportal\/?p=78575"},"modified":"2019-03-08T19:30:25","modified_gmt":"2019-03-08T22:30:25","slug":"tiro-atinge-parede-de-sala-da-prefeitura-de-conquista-na-zona-oeste","status":"publish","type":"post","link":"https:\/\/www.sudoestehoje.com.br\/novoportal\/2019\/03\/08\/tiro-atinge-parede-de-sala-da-prefeitura-de-conquista-na-zona-oeste\/","title":{"rendered":"TIRO ATINGE PAREDE DE SALA DA PREFEITURA DE CONQUISTA NA ZONA OESTE"},"content":{"rendered":"<div class=\"mc-column content-text active-extra-styles active-capital-letter\" data-block-type=\"unstyled\" data-block-weight=\"46\" data-block-id=\"1\">\n<p class=\"content-text__container theme-color-primary-first-letter\" data-track-category=\"Link no Texto\" data-track-links=\"\"><a href=\"http:\/\/www.sudoestehoje.com.br\/novoportal\/wp-content\/uploads\/2019\/03\/zonaoeste-768x509.jpg\"><img loading=\"lazy\" decoding=\"async\" class=\"aligncenter size-medium wp-image-78576\" src=\"http:\/\/www.sudoestehoje.com.br\/novoportal\/wp-content\/uploads\/2019\/03\/zonaoeste-768x509-500x310.jpg\" alt=\"\" width=\"500\" height=\"310\" \/><\/a><\/p>\n<p class=\"content-text__container theme-color-primary-first-letter\" data-track-category=\"Link no Texto\" data-track-links=\"\">A parede de uma das salas da sede da prefeitura de Vit\u00f3ria da Conquista, no sudoeste da Bahia, foi atingida por um tiro, na manh\u00e3 desta sexta-feira (8). Segundo informa\u00e7\u00f5es do \u00f3rg\u00e3o, ningu\u00e9m ficou ferido. O caso ocorreu na sede localizada na zona oeste da cidade.<\/p>\n<\/div>\n<div class=\"wall protected-content\">\n<div class=\"mc-column content-text active-extra-styles \" data-block-type=\"unstyled\" data-block-weight=\"43\" data-block-id=\"2\">\n<p class=\"content-text__container \" data-track-category=\"Link no Texto\" data-track-links=\"\">De acordo com a prefeitura, ainda n\u00e3o h\u00e1 informa\u00e7\u00f5es sobre a origem da bala, que atravessou o compensado que \u00e9 utilizado como parede entre as salas. O proj\u00e9til foi recolhido para passar por per\u00edcia por equipes da Pol\u00edcia T\u00e9cnica que estiveram no local.<\/p>\n<\/div>\n<div class=\"mc-column content-text active-extra-styles \" data-block-type=\"unstyled\" data-block-weight=\"29\" data-block-id=\"3\">\n<p class=\"content-text__container \" data-track-category=\"Link no Texto\" data-track-links=\"\">Em nota, a prefeitura informou que Wal Cordeiro, Coordenador do Comit\u00ea Gestor da Prefeitura M\u00f3vel, que trabalha na sala onde a disparo atingiu a parede, prestou depoimento \u00e0 pol\u00edcia.<\/p>\n<\/div>\n<div class=\"mc-column content-text active-extra-styles \" data-block-type=\"unstyled\" data-block-weight=\"20\" data-block-id=\"4\">\n<p class=\"content-text__container \" data-track-category=\"Link no Texto\" data-track-links=\"\">O \u00f3rg\u00e3o tamb\u00e9m informou que medidas de seguran\u00e7a foram adotadas desde a inaugura\u00e7\u00e3o para a prote\u00e7\u00e3o de servidores e visitantes.<\/p>\n<\/div>\n<div class=\"mc-column content-text active-extra-styles \" data-block-type=\"unstyled\" data-block-weight=\"19\" data-block-id=\"5\">\n<p class=\"content-text__container \" data-track-category=\"Link no Texto\" data-track-links=\"\">O munic\u00edpio de Vit\u00f3ria da Conquista conta com duas sedes da prefeitura. A outra fica no centro da cidade.<\/p>\n<\/div>\n<div data-track-category=\"multicontent\" data-track-action=\"ultimo chunk conteudo\" data-track-noninteraction=\"false\" data-track-scroll=\"view\">\n<div class=\"mc-column content-text active-extra-styles \" data-block-type=\"unstyled\" data-block-weight=\"31\" data-block-id=\"6\">\n<p class=\"content-text__container \" data-track-category=\"Link no Texto\" data-track-links=\"\">A unidade da zona oeste fica localizada no Centro Cultural Glauber Rocha e foi instalada em dezembro do ano passado. No local, funcion\u00e1rios prestam atendimento e servi\u00e7os p\u00fablicos para a comunidade.<\/p>\n<\/div>\n<\/div>\n<\/div>\n","protected":false},"excerpt":{"rendered":"<p>A parede de uma das salas da sede da prefeitura de Vit\u00f3ria da Conquista, no sudoeste da Bahia, foi atingida por um tiro, na manh\u00e3 desta sexta-feira (8). Segundo informa\u00e7\u00f5es do \u00f3rg\u00e3o, ningu\u00e9m ficou ferido. O caso ocorreu na sede localizada na zona oeste da cidade. De acordo com a prefeitura, ainda n\u00e3o h\u00e1 informa\u00e7\u00f5es [&hellip;]<\/p>\n","protected":false},"author":2,"featured_media":78576,"comment_status":"open","ping_status":"open","sticky":false,"template":"","format":"standard","meta":{"footnotes":"","_links_to":"","_links_to_target":""},"categories":[1],"tags":[],"class_list":["post-78575","post","type-post","status-publish","format-standard","has-post-thumbnail","hentry","category-geral"],"views":907,"_links":{"self":[{"href":"https:\/\/www.sudoestehoje.com.br\/novoportal\/wp-json\/wp\/v2\/posts\/78575","targetHints":{"allow":["GET"]}}],"collection":[{"href":"https:\/\/www.sudoestehoje.com.br\/novoportal\/wp-json\/wp\/v2\/posts"}],"about":[{"href":"https:\/\/www.sudoestehoje.com.br\/novoportal\/wp-json\/wp\/v2\/types\/post"}],"author":[{"embeddable":true,"href":"https:\/\/www.sudoestehoje.com.br\/novoportal\/wp-json\/wp\/v2\/users\/2"}],"replies":[{"embeddable":true,"href":"https:\/\/www.sudoestehoje.com.br\/novoportal\/wp-json\/wp\/v2\/comments?post=78575"}],"version-history":[{"count":1,"href":"https:\/\/www.sudoestehoje.com.br\/novoportal\/wp-json\/wp\/v2\/posts\/78575\/revisions"}],"predecessor-version":[{"id":78577,"href":"https:\/\/www.sudoestehoje.com.br\/novoportal\/wp-json\/wp\/v2\/posts\/78575\/revisions\/78577"}],"wp:featuredmedia":[{"embeddable":true,"href":"https:\/\/www.sudoestehoje.com.br\/novoportal\/wp-json\/wp\/v2\/media\/78576"}],"wp:attachment":[{"href":"https:\/\/www.sudoestehoje.com.br\/novoportal\/wp-json\/wp\/v2\/media?parent=78575"}],"wp:term":[{"taxonomy":"category","embeddable":true,"href":"https:\/\/www.sudoestehoje.com.br\/novoportal\/wp-json\/wp\/v2\/categories?post=78575"},{"taxonomy":"post_tag","embeddable":true,"href":"https:\/\/www.sudoestehoje.com.br\/novoportal\/wp-json\/wp\/v2\/tags?post=78575"}],"curies":[{"name":"wp","href":"https:\/\/api.w.org\/{rel}","templated":true}]}}