
{"id":78564,"date":"2019-03-06T21:45:54","date_gmt":"2019-03-07T00:45:54","guid":{"rendered":"http:\/\/www.sudoestehoje.com.br\/novoportal\/?p=78564"},"modified":"2019-03-06T21:45:54","modified_gmt":"2019-03-07T00:45:54","slug":"prazo-para-inscricao-no-processo-seletivo-da-policlinica-de-itabuna-encerra-domingo","status":"publish","type":"post","link":"https:\/\/www.sudoestehoje.com.br\/novoportal\/2019\/03\/06\/prazo-para-inscricao-no-processo-seletivo-da-policlinica-de-itabuna-encerra-domingo\/","title":{"rendered":"PRAZO PARA INSCRI\u00c7\u00c3O NO PROCESSO SELETIVO DA POLICL\u00cdNICA DE ITABUNA ENCERRA DOMINGO"},"content":{"rendered":"<p><a href=\"http:\/\/www.sudoestehoje.com.br\/novoportal\/wp-content\/uploads\/2019\/03\/Policl\u00ednica-de-Itabuna-2.jpeg\"><img loading=\"lazy\" decoding=\"async\" class=\"aligncenter size-medium wp-image-78566\" src=\"http:\/\/www.sudoestehoje.com.br\/novoportal\/wp-content\/uploads\/2019\/03\/Policl\u00ednica-de-Itabuna-2-500x290.jpeg\" alt=\"\" width=\"500\" height=\"290\" srcset=\"https:\/\/www.sudoestehoje.com.br\/novoportal\/wp-content\/uploads\/2019\/03\/Policl\u00ednica-de-Itabuna-2-500x290.jpeg 500w, https:\/\/www.sudoestehoje.com.br\/novoportal\/wp-content\/uploads\/2019\/03\/Policl\u00ednica-de-Itabuna-2-700x406.jpeg 700w, https:\/\/www.sudoestehoje.com.br\/novoportal\/wp-content\/uploads\/2019\/03\/Policl\u00ednica-de-Itabuna-2.jpeg 762w\" sizes=\"auto, (max-width: 500px) 100vw, 500px\" \/><\/a><\/p>\n<p>\u00daltimos dias para inscri\u00e7\u00e3o no processo seletivo que contratar\u00e1 profissionais para atuar na Policl\u00ednica de Itabuna. S\u00e3o oferecidas 72 vagas e o candidato tem at\u00e9 domingo (10) para efetivar a inscri\u00e7\u00e3o para participar da sele\u00e7\u00e3o.\u00a0A taxa varia de R$ 50,00 a R$ 90,00, a depender do cargo pretendido e carga hor\u00e1ria de trabalho semanal.<\/p>\n<p>As vagas s\u00e3o para os cargos de assistente administrativo, assessor t\u00e9cnico, assistente social, m\u00e9dico, enfermeiro, psic\u00f3logo, farmac\u00eautico, nutricionista, ouvidor, t\u00e9cnico em enfermagem e t\u00e9cnico em radiologia. Al\u00e9m disso, h\u00e1 cadastro de reserva para alguns cargos.\u00a0<strong><a href=\"http:\/\/fundacaocefetbahia.org.br\/policlinica\/itabuna\/inscricao.asp\" target=\"_blank\" rel=\"noopener noreferrer\">Fa\u00e7a sua inscri\u00e7\u00e3o aqui.<\/a><\/strong><\/p>\n<p>O processo seletivo ter\u00e1 duas etapas, sendo a primeira a prova objetiva de car\u00e1ter classificat\u00f3rio e eliminat\u00f3rio para todos os cargos, no dia 7 de abril, em Itabuna e Salvador.\u00a0A segunda etapa da sele\u00e7\u00e3o ser\u00e1 a prova de t\u00edtulos de car\u00e1ter classificat\u00f3rio, no dia 23 de abril. Os candidatos ao cargo de assistente administrativo n\u00e3o passam por essa etapa.<\/p>\n<p>O sal\u00e1rio varia de R$ 1.188,13 a R$ 5 mil e o contrato de servi\u00e7o com o Cons\u00f3rcio P\u00fablico Interfederativo de Sa\u00fade da Regi\u00e3o de Itabuna e Ilh\u00e9us ter\u00e1 validade de dois anos, podendo ser prorrogado por igual per\u00edodo. O processo seletivo \u00e9 coordenado pela Funda\u00e7\u00e3o de Apoio a Educa\u00e7\u00e3o e Desenvolvimento Tecnol\u00f3gico (Funda\u00e7\u00e3o Cefet Bahia). O resultado final do processo ser\u00e1 publicado no dia 23 de maio e a homologa\u00e7\u00e3o no dia seguinte.\u00a0<strong><a href=\"http:\/\/fundacaocefetbahia.org.br\/policlinica\/itabuna\/edital_policlinica_itabuna_001_2019.pdf\" target=\"_blank\" rel=\"noopener noreferrer\">Acesse o edital aqui.<\/a><\/strong><\/p>\n","protected":false},"excerpt":{"rendered":"<p>\u00daltimos dias para inscri\u00e7\u00e3o no processo seletivo que contratar\u00e1 profissionais para atuar na Policl\u00ednica de Itabuna. S\u00e3o oferecidas 72 vagas e o candidato tem at\u00e9 domingo (10) para efetivar a inscri\u00e7\u00e3o para participar da sele\u00e7\u00e3o.\u00a0A taxa varia de R$ 50,00 a R$ 90,00, a depender do cargo pretendido e carga hor\u00e1ria de trabalho semanal. As [&hellip;]<\/p>\n","protected":false},"author":2,"featured_media":78566,"comment_status":"open","ping_status":"open","sticky":false,"template":"","format":"standard","meta":{"footnotes":"","_links_to":"","_links_to_target":""},"categories":[1],"tags":[],"class_list":["post-78564","post","type-post","status-publish","format-standard","has-post-thumbnail","hentry","category-geral"],"views":1236,"_links":{"self":[{"href":"https:\/\/www.sudoestehoje.com.br\/novoportal\/wp-json\/wp\/v2\/posts\/78564","targetHints":{"allow":["GET"]}}],"collection":[{"href":"https:\/\/www.sudoestehoje.com.br\/novoportal\/wp-json\/wp\/v2\/posts"}],"about":[{"href":"https:\/\/www.sudoestehoje.com.br\/novoportal\/wp-json\/wp\/v2\/types\/post"}],"author":[{"embeddable":true,"href":"https:\/\/www.sudoestehoje.com.br\/novoportal\/wp-json\/wp\/v2\/users\/2"}],"replies":[{"embeddable":true,"href":"https:\/\/www.sudoestehoje.com.br\/novoportal\/wp-json\/wp\/v2\/comments?post=78564"}],"version-history":[{"count":2,"href":"https:\/\/www.sudoestehoje.com.br\/novoportal\/wp-json\/wp\/v2\/posts\/78564\/revisions"}],"predecessor-version":[{"id":78567,"href":"https:\/\/www.sudoestehoje.com.br\/novoportal\/wp-json\/wp\/v2\/posts\/78564\/revisions\/78567"}],"wp:featuredmedia":[{"embeddable":true,"href":"https:\/\/www.sudoestehoje.com.br\/novoportal\/wp-json\/wp\/v2\/media\/78566"}],"wp:attachment":[{"href":"https:\/\/www.sudoestehoje.com.br\/novoportal\/wp-json\/wp\/v2\/media?parent=78564"}],"wp:term":[{"taxonomy":"category","embeddable":true,"href":"https:\/\/www.sudoestehoje.com.br\/novoportal\/wp-json\/wp\/v2\/categories?post=78564"},{"taxonomy":"post_tag","embeddable":true,"href":"https:\/\/www.sudoestehoje.com.br\/novoportal\/wp-json\/wp\/v2\/tags?post=78564"}],"curies":[{"name":"wp","href":"https:\/\/api.w.org\/{rel}","templated":true}]}}