
{"id":7856,"date":"2011-08-26T20:35:48","date_gmt":"2011-08-26T23:35:48","guid":{"rendered":"http:\/\/www.sudoestehoje.com.br\/novoportal\/?p=7856"},"modified":"2011-08-26T20:43:21","modified_gmt":"2011-08-26T23:43:21","slug":"itapetinga-brilhou-na-exposicao-nacional-do-cavalo-pampa-em-belo-horizonte","status":"publish","type":"post","link":"https:\/\/www.sudoestehoje.com.br\/novoportal\/2011\/08\/26\/itapetinga-brilhou-na-exposicao-nacional-do-cavalo-pampa-em-belo-horizonte\/","title":{"rendered":"Itapetinga brilhou na Exposi\u00e7\u00e3o Nacional do Cavalo Pampa em Belo Horizonte"},"content":{"rendered":"<p style=\"text-align: center;\"><a href=\"http:\/\/www.sudoestehoje.com.br\/novoportal\/wp-content\/uploads\/2011\/08\/APACHE1.jpg\"><img loading=\"lazy\" decoding=\"async\" class=\"aligncenter size-medium wp-image-7868\" title=\"APACHE\" src=\"http:\/\/www.sudoestehoje.com.br\/novoportal\/wp-content\/uploads\/2011\/08\/APACHE1-500x341.jpg\" alt=\"\" width=\"500\" height=\"341\" srcset=\"https:\/\/www.sudoestehoje.com.br\/novoportal\/wp-content\/uploads\/2011\/08\/APACHE1-500x341.jpg 500w, https:\/\/www.sudoestehoje.com.br\/novoportal\/wp-content\/uploads\/2011\/08\/APACHE1-1024x698.jpg 1024w\" sizes=\"auto, (max-width: 500px) 100vw, 500px\" \/><\/a><em><strong>Apache, grande campe\u00e3o nacional <\/strong><\/em><\/p>\n<p>A 18\u00aa Exposi\u00e7\u00e3o Nacional do Cavalo Pampa que aconteceu de 13 a 20 de agosto no parque da gameleira em Belo Horizonte levou o melhor da ra\u00e7a, com animais de todo Brasil, para a capital mineira atingindo n\u00famero recorde de animais, com mais de 700 expositores e criadores.\u00a0Com uma participa\u00e7\u00e3o expressiva na Enapampa 2011 o Estado da Bahia, conquistou a capital mineira, com muita marcha e beleza. A certeza que fica para todos que acompanharam a Exposi\u00e7\u00e3o Nacional do Cavalo Pampa \u00e9 que os bons ventos e os campeonatos sopraram a favor dos baianos.<\/p>\n<p>Daqui de Itapetinga destaque para o criador Leonardo Matos, titular do Haras LB da Esperan\u00e7a que no resultado geral terminou a competi\u00e7\u00e3o como\u00a05\u00ba Melhor Expositor de Marcha Picada do Brasil, acompanhado da esposa Ana B\u00e1rbara, Dr Leonardo assistiu aos julgamentos do Garanh\u00e3o Apache das Tr\u00eas Pontas que sagrou-se Campe\u00e3o Nacional de Marcha Picada Cavalo Adulto, Campe\u00e3o Nacional da Categoria e Reservado Grande Campe\u00e3o da Ra\u00e7a, reprodutor comprovado,\u00a0pai de in\u00fameros filhos campe\u00f5es, destacando-se Serena da Esperan\u00e7a \u2013 Campe\u00e3 Nacional de Morfologia, Res. Campe\u00e3 Nacional da Categoria Poltra de Marcha Picada 2011 em Belo Horizonte, Poltra campeon\u00edssima, com mais de 5 Campeonatos em Exposi\u00e7\u00f5es<strong> <\/strong>especializadas Pampa no Estado da Bahia.<\/p>\n<p>\u201cGostaria de aproveitar a oportunidade e agradecer a Deus em primeiro lugar, ao apoio e entusiasmo de minha esposa B\u00e1rbara, ao apoio de meus pais Lour\u00e3o e D.\u00aa Marilda, de meu irm\u00e3o Mateus e a dedica\u00e7\u00e3o de toda equipe que trabalha no Haras em especial a Isac e a Adauto, por ter nos dado essa alegria de ter aqui em Itapetinga na Fazenda Boa Esperan\u00e7a um Cavalo Campe\u00e3o Nacional, um garanh\u00e3o de respeito para atuar nas diversas exposi\u00e7\u00f5es das ra\u00e7as Mangalarga Machador e Pampa e que, por seu pedigree, andamento e conforma\u00e7\u00e3o apresenta um grande potencial na reprodu\u00e7\u00e3o de campe\u00f5es\u201d disse Leonardo Matos.<\/p>\n<p><span style=\"font-family: Arial, sans-serif; font-size: small;\"><br \/>\n<\/span><\/p>\n","protected":false},"excerpt":{"rendered":"<p>Apache, grande campe\u00e3o nacional A 18\u00aa Exposi\u00e7\u00e3o Nacional do Cavalo Pampa que aconteceu de 13 a 20 de agosto no parque da gameleira em Belo Horizonte levou o melhor da ra\u00e7a, com animais de todo Brasil, para a capital mineira atingindo n\u00famero recorde de animais, com mais de 700 expositores e criadores.\u00a0Com uma participa\u00e7\u00e3o expressiva [&hellip;]<\/p>\n","protected":false},"author":2,"featured_media":0,"comment_status":"open","ping_status":"open","sticky":false,"template":"","format":"standard","meta":{"footnotes":"","_links_to":"","_links_to_target":""},"categories":[1],"tags":[],"class_list":["post-7856","post","type-post","status-publish","format-standard","hentry","category-geral"],"views":7996,"_links":{"self":[{"href":"https:\/\/www.sudoestehoje.com.br\/novoportal\/wp-json\/wp\/v2\/posts\/7856","targetHints":{"allow":["GET"]}}],"collection":[{"href":"https:\/\/www.sudoestehoje.com.br\/novoportal\/wp-json\/wp\/v2\/posts"}],"about":[{"href":"https:\/\/www.sudoestehoje.com.br\/novoportal\/wp-json\/wp\/v2\/types\/post"}],"author":[{"embeddable":true,"href":"https:\/\/www.sudoestehoje.com.br\/novoportal\/wp-json\/wp\/v2\/users\/2"}],"replies":[{"embeddable":true,"href":"https:\/\/www.sudoestehoje.com.br\/novoportal\/wp-json\/wp\/v2\/comments?post=7856"}],"version-history":[{"count":10,"href":"https:\/\/www.sudoestehoje.com.br\/novoportal\/wp-json\/wp\/v2\/posts\/7856\/revisions"}],"predecessor-version":[{"id":7871,"href":"https:\/\/www.sudoestehoje.com.br\/novoportal\/wp-json\/wp\/v2\/posts\/7856\/revisions\/7871"}],"wp:attachment":[{"href":"https:\/\/www.sudoestehoje.com.br\/novoportal\/wp-json\/wp\/v2\/media?parent=7856"}],"wp:term":[{"taxonomy":"category","embeddable":true,"href":"https:\/\/www.sudoestehoje.com.br\/novoportal\/wp-json\/wp\/v2\/categories?post=7856"},{"taxonomy":"post_tag","embeddable":true,"href":"https:\/\/www.sudoestehoje.com.br\/novoportal\/wp-json\/wp\/v2\/tags?post=7856"}],"curies":[{"name":"wp","href":"https:\/\/api.w.org\/{rel}","templated":true}]}}