
{"id":78526,"date":"2019-03-02T11:44:53","date_gmt":"2019-03-02T14:44:53","guid":{"rendered":"http:\/\/www.sudoestehoje.com.br\/novoportal\/?p=78526"},"modified":"2019-03-02T11:44:53","modified_gmt":"2019-03-02T14:44:53","slug":"quatro-pessoas-sao-baleadas-durante-passagem-do-olodum-pelo-campo-grande","status":"publish","type":"post","link":"https:\/\/www.sudoestehoje.com.br\/novoportal\/2019\/03\/02\/quatro-pessoas-sao-baleadas-durante-passagem-do-olodum-pelo-campo-grande\/","title":{"rendered":"QUATRO PESSOAS S\u00c3O BALEADAS DURANTE PASSAGEM DO OLODUM PELO CAMPO GRANDE"},"content":{"rendered":"<p class=\"bodytext\"><a href=\"http:\/\/www.sudoestehoje.com.br\/novoportal\/wp-content\/uploads\/2019\/03\/olodum.jpg\"><img loading=\"lazy\" decoding=\"async\" class=\"aligncenter size-medium wp-image-78529\" src=\"http:\/\/www.sudoestehoje.com.br\/novoportal\/wp-content\/uploads\/2019\/03\/olodum-500x260.jpg\" alt=\"\" width=\"500\" height=\"260\" srcset=\"https:\/\/www.sudoestehoje.com.br\/novoportal\/wp-content\/uploads\/2019\/03\/olodum-500x260.jpg 500w, https:\/\/www.sudoestehoje.com.br\/novoportal\/wp-content\/uploads\/2019\/03\/olodum.jpg 540w\" sizes=\"auto, (max-width: 500px) 100vw, 500px\" \/><\/a><\/p>\n<p class=\"bodytext\">Pelo menos quatro pessoas foram baleadas na noite de sexta-feira (1\u00ba), no Carnaval de Salvador, durante uma briga generalizada, na passagem do bloco Olodum pelo Campo Grande.<\/p>\n<p class=\"bodytext\">Entre as v\u00edtimas est\u00e1 um cordeiro do bloco e uma vendedora\u00a0ambulante. A suspeita \u00e9 de que os tiros tenham partido da arma de um policial civil, de folga.<\/p>\n<p class=\"bodytext\">Todos feridos foram atingidos nas imedia\u00e7\u00f5es do Forte de S\u00e3o Pedro e socorridos para o Hospital Geral do Estado (HGE). N\u00e3o h\u00e1 informa\u00e7\u00f5es sobre o estado de sa\u00fade\u00a0das vitimas.<\/p>\n","protected":false},"excerpt":{"rendered":"<p>Pelo menos quatro pessoas foram baleadas na noite de sexta-feira (1\u00ba), no Carnaval de Salvador, durante uma briga generalizada, na passagem do bloco Olodum pelo Campo Grande. Entre as v\u00edtimas est\u00e1 um cordeiro do bloco e uma vendedora\u00a0ambulante. A suspeita \u00e9 de que os tiros tenham partido da arma de um policial civil, de folga. [&hellip;]<\/p>\n","protected":false},"author":2,"featured_media":78529,"comment_status":"open","ping_status":"open","sticky":false,"template":"","format":"standard","meta":{"footnotes":"","_links_to":"","_links_to_target":""},"categories":[1],"tags":[],"class_list":["post-78526","post","type-post","status-publish","format-standard","has-post-thumbnail","hentry","category-geral"],"views":1341,"_links":{"self":[{"href":"https:\/\/www.sudoestehoje.com.br\/novoportal\/wp-json\/wp\/v2\/posts\/78526","targetHints":{"allow":["GET"]}}],"collection":[{"href":"https:\/\/www.sudoestehoje.com.br\/novoportal\/wp-json\/wp\/v2\/posts"}],"about":[{"href":"https:\/\/www.sudoestehoje.com.br\/novoportal\/wp-json\/wp\/v2\/types\/post"}],"author":[{"embeddable":true,"href":"https:\/\/www.sudoestehoje.com.br\/novoportal\/wp-json\/wp\/v2\/users\/2"}],"replies":[{"embeddable":true,"href":"https:\/\/www.sudoestehoje.com.br\/novoportal\/wp-json\/wp\/v2\/comments?post=78526"}],"version-history":[{"count":5,"href":"https:\/\/www.sudoestehoje.com.br\/novoportal\/wp-json\/wp\/v2\/posts\/78526\/revisions"}],"predecessor-version":[{"id":78532,"href":"https:\/\/www.sudoestehoje.com.br\/novoportal\/wp-json\/wp\/v2\/posts\/78526\/revisions\/78532"}],"wp:featuredmedia":[{"embeddable":true,"href":"https:\/\/www.sudoestehoje.com.br\/novoportal\/wp-json\/wp\/v2\/media\/78529"}],"wp:attachment":[{"href":"https:\/\/www.sudoestehoje.com.br\/novoportal\/wp-json\/wp\/v2\/media?parent=78526"}],"wp:term":[{"taxonomy":"category","embeddable":true,"href":"https:\/\/www.sudoestehoje.com.br\/novoportal\/wp-json\/wp\/v2\/categories?post=78526"},{"taxonomy":"post_tag","embeddable":true,"href":"https:\/\/www.sudoestehoje.com.br\/novoportal\/wp-json\/wp\/v2\/tags?post=78526"}],"curies":[{"name":"wp","href":"https:\/\/api.w.org\/{rel}","templated":true}]}}