
{"id":78521,"date":"2019-03-01T09:03:32","date_gmt":"2019-03-01T12:03:32","guid":{"rendered":"http:\/\/www.sudoestehoje.com.br\/novoportal\/?p=78521"},"modified":"2019-03-01T09:03:32","modified_gmt":"2019-03-01T12:03:32","slug":"pedestres-e-ciclistas-poderao-ser-multados-a-partir-desta-sexta-feira","status":"publish","type":"post","link":"https:\/\/www.sudoestehoje.com.br\/novoportal\/2019\/03\/01\/pedestres-e-ciclistas-poderao-ser-multados-a-partir-desta-sexta-feira\/","title":{"rendered":"PEDESTRES E CICLISTAS PODER\u00c3O SER MULTADOS A PARTIR DESTA SEXTA-FEIRA"},"content":{"rendered":"<p><a href=\"http:\/\/www.sudoestehoje.com.br\/novoportal\/wp-content\/uploads\/2019\/03\/PEDESTRE-1.jpg\"><img loading=\"lazy\" decoding=\"async\" class=\"aligncenter size-medium wp-image-78523\" src=\"http:\/\/www.sudoestehoje.com.br\/novoportal\/wp-content\/uploads\/2019\/03\/PEDESTRE-1-500x298.jpg\" alt=\"\" width=\"500\" height=\"298\" srcset=\"https:\/\/www.sudoestehoje.com.br\/novoportal\/wp-content\/uploads\/2019\/03\/PEDESTRE-1-500x298.jpg 500w, https:\/\/www.sudoestehoje.com.br\/novoportal\/wp-content\/uploads\/2019\/03\/PEDESTRE-1.jpg 688w\" sizes=\"auto, (max-width: 500px) 100vw, 500px\" \/><\/a><\/p>\n<p>A regulamenta\u00e7\u00e3o que permite aplicar multa para pedestres e ciclistas vai come\u00e7ar a partir desta sexta-feira, 1\u00ba de mar\u00e7o, segundo resolu\u00e7\u00e3o do Contran.<\/p>\n<p>A explica\u00e7\u00e3o \u00e9 que se os motoristas tem que seguir as regras de tr\u00e2nsito, os pedestres e ciclistas tamb\u00e9m. Isso j\u00e1 estava previsto no c\u00f3digo de tr\u00e2nsito de 1997, faltando apenas a resolu\u00e7\u00e3o. A lei j\u00e1 era para ter entrado em vigor em abril de 2018.<\/p>\n<p><a href=\"http:\/\/www.sudoestehoje.com.br\/novoportal\/wp-content\/uploads\/2019\/03\/CICLISTA-CONTRAM\u00c3O.jpg\"><img loading=\"lazy\" decoding=\"async\" class=\"aligncenter size-medium wp-image-78524\" src=\"http:\/\/www.sudoestehoje.com.br\/novoportal\/wp-content\/uploads\/2019\/03\/CICLISTA-CONTRAM\u00c3O-500x316.jpg\" alt=\"\" width=\"500\" height=\"316\" srcset=\"https:\/\/www.sudoestehoje.com.br\/novoportal\/wp-content\/uploads\/2019\/03\/CICLISTA-CONTRAM\u00c3O-500x316.jpg 500w, https:\/\/www.sudoestehoje.com.br\/novoportal\/wp-content\/uploads\/2019\/03\/CICLISTA-CONTRAM\u00c3O-768x485.jpg 768w, https:\/\/www.sudoestehoje.com.br\/novoportal\/wp-content\/uploads\/2019\/03\/CICLISTA-CONTRAM\u00c3O-700x442.jpg 700w, https:\/\/www.sudoestehoje.com.br\/novoportal\/wp-content\/uploads\/2019\/03\/CICLISTA-CONTRAM\u00c3O.jpg 973w\" sizes=\"auto, (max-width: 500px) 100vw, 500px\" \/><\/a><\/p>\n<p>O pedestre que for pego atravessando a rua fora da faixa poder\u00e1 ser multado em R$ 44,19. J\u00e1 o ciclista que estiver ignorando as ciclofaixas, ou andando na contram\u00e3o estabelecida para ve\u00edculos ou de maneira imprudente, poder\u00e1 ser multado em R$ 130,16.<\/p>\n<p><a href=\"http:\/\/www.sudoestehoje.com.br\/novoportal\/wp-content\/uploads\/2019\/03\/multas-pedestres-e-ciclistas.png\"><img loading=\"lazy\" decoding=\"async\" class=\"aligncenter  wp-image-78522\" src=\"http:\/\/www.sudoestehoje.com.br\/novoportal\/wp-content\/uploads\/2019\/03\/multas-pedestres-e-ciclistas-228x700.png\" alt=\"\" width=\"362\" height=\"1111\" srcset=\"https:\/\/www.sudoestehoje.com.br\/novoportal\/wp-content\/uploads\/2019\/03\/multas-pedestres-e-ciclistas-228x700.png 228w, https:\/\/www.sudoestehoje.com.br\/novoportal\/wp-content\/uploads\/2019\/03\/multas-pedestres-e-ciclistas-293x900.png 293w, https:\/\/www.sudoestehoje.com.br\/novoportal\/wp-content\/uploads\/2019\/03\/multas-pedestres-e-ciclistas.png 640w\" sizes=\"auto, (max-width: 362px) 100vw, 362px\" \/><\/a><\/p>\n","protected":false},"excerpt":{"rendered":"<p>A regulamenta\u00e7\u00e3o que permite aplicar multa para pedestres e ciclistas vai come\u00e7ar a partir desta sexta-feira, 1\u00ba de mar\u00e7o, segundo resolu\u00e7\u00e3o do Contran. A explica\u00e7\u00e3o \u00e9 que se os motoristas tem que seguir as regras de tr\u00e2nsito, os pedestres e ciclistas tamb\u00e9m. Isso j\u00e1 estava previsto no c\u00f3digo de tr\u00e2nsito de 1997, faltando apenas a [&hellip;]<\/p>\n","protected":false},"author":2,"featured_media":78523,"comment_status":"open","ping_status":"open","sticky":false,"template":"","format":"standard","meta":{"footnotes":"","_links_to":"","_links_to_target":""},"categories":[1],"tags":[],"class_list":["post-78521","post","type-post","status-publish","format-standard","has-post-thumbnail","hentry","category-geral"],"views":1882,"_links":{"self":[{"href":"https:\/\/www.sudoestehoje.com.br\/novoportal\/wp-json\/wp\/v2\/posts\/78521","targetHints":{"allow":["GET"]}}],"collection":[{"href":"https:\/\/www.sudoestehoje.com.br\/novoportal\/wp-json\/wp\/v2\/posts"}],"about":[{"href":"https:\/\/www.sudoestehoje.com.br\/novoportal\/wp-json\/wp\/v2\/types\/post"}],"author":[{"embeddable":true,"href":"https:\/\/www.sudoestehoje.com.br\/novoportal\/wp-json\/wp\/v2\/users\/2"}],"replies":[{"embeddable":true,"href":"https:\/\/www.sudoestehoje.com.br\/novoportal\/wp-json\/wp\/v2\/comments?post=78521"}],"version-history":[{"count":1,"href":"https:\/\/www.sudoestehoje.com.br\/novoportal\/wp-json\/wp\/v2\/posts\/78521\/revisions"}],"predecessor-version":[{"id":78525,"href":"https:\/\/www.sudoestehoje.com.br\/novoportal\/wp-json\/wp\/v2\/posts\/78521\/revisions\/78525"}],"wp:featuredmedia":[{"embeddable":true,"href":"https:\/\/www.sudoestehoje.com.br\/novoportal\/wp-json\/wp\/v2\/media\/78523"}],"wp:attachment":[{"href":"https:\/\/www.sudoestehoje.com.br\/novoportal\/wp-json\/wp\/v2\/media?parent=78521"}],"wp:term":[{"taxonomy":"category","embeddable":true,"href":"https:\/\/www.sudoestehoje.com.br\/novoportal\/wp-json\/wp\/v2\/categories?post=78521"},{"taxonomy":"post_tag","embeddable":true,"href":"https:\/\/www.sudoestehoje.com.br\/novoportal\/wp-json\/wp\/v2\/tags?post=78521"}],"curies":[{"name":"wp","href":"https:\/\/api.w.org\/{rel}","templated":true}]}}