
{"id":78515,"date":"2019-02-28T20:33:55","date_gmt":"2019-02-28T23:33:55","guid":{"rendered":"http:\/\/www.sudoestehoje.com.br\/novoportal\/?p=78515"},"modified":"2019-02-28T20:33:55","modified_gmt":"2019-02-28T23:33:55","slug":"carro-com-ministro-do-meio-ambiente-e-atacado-em-porto-seguro-ele-acusa-o-mst","status":"publish","type":"post","link":"https:\/\/www.sudoestehoje.com.br\/novoportal\/2019\/02\/28\/carro-com-ministro-do-meio-ambiente-e-atacado-em-porto-seguro-ele-acusa-o-mst\/","title":{"rendered":"CARRO COM MINISTRO DO MEIO AMBIENTE \u00c9 ATACADO EM PORTO SEGURO; ELE ACUSA O MST"},"content":{"rendered":"<p><a href=\"http:\/\/www.sudoestehoje.com.br\/novoportal\/wp-content\/uploads\/2019\/02\/ministro-carro-atacado-1280x720.jpg\"><img loading=\"lazy\" decoding=\"async\" class=\"aligncenter size-medium wp-image-78517\" src=\"http:\/\/www.sudoestehoje.com.br\/novoportal\/wp-content\/uploads\/2019\/02\/ministro-carro-atacado-1280x720-500x281.jpg\" alt=\"\" width=\"500\" height=\"281\" srcset=\"https:\/\/www.sudoestehoje.com.br\/novoportal\/wp-content\/uploads\/2019\/02\/ministro-carro-atacado-1280x720-500x281.jpg 500w, https:\/\/www.sudoestehoje.com.br\/novoportal\/wp-content\/uploads\/2019\/02\/ministro-carro-atacado-1280x720-768x432.jpg 768w, https:\/\/www.sudoestehoje.com.br\/novoportal\/wp-content\/uploads\/2019\/02\/ministro-carro-atacado-1280x720-700x394.jpg 700w, https:\/\/www.sudoestehoje.com.br\/novoportal\/wp-content\/uploads\/2019\/02\/ministro-carro-atacado-1280x720.jpg 1280w\" sizes=\"auto, (max-width: 500px) 100vw, 500px\" \/><\/a><\/p>\n<p>O ministro do Meio Ambiente, Ricardo Salles, esteve na quarta-feira, no Planalto para relatar &#8220;momentos de tens\u00e3o&#8221; que enfrentou em viagem ao Parque Nacional do Pau Brasil, em Porto Seguro, na Bahia.<\/p>\n<p>A assessores e ministros, ele relatou que integrantes do Movimento dos Sem Terra (MST) e do Partido da Causa Oper\u00e1ria (PCO) cercaram o carro em que ele estava, quebraram pe\u00e7as e subiram no teto do ve\u00edculo. Ele n\u00e3o sofreu agress\u00f5es f\u00edsicas.<\/p>\n<p>Salles afirmou a auxiliares do presidente Jair Bolsonaro que se assustou com o ato de <em>&#8220;extrema viol\u00eancia&#8221;<\/em>.\u00a0Em mensagem no Instagram, o ministro classificou o epis\u00f3dio como <em>&#8220;uma vergonha logo ap\u00f3s uma bela e comemorativa agenda de concess\u00e3o ao setor privado do Parque Nacional do Pau Brasil, fomos cercados e atacados por membros do MST e do PCO, que agrediram as pessoas e depredaram viaturas oficiais do MMA (Minist\u00e9rio do Meio Ambiente)&#8221;<\/em>, escreveu.<\/p>\n<p><a href=\"http:\/\/www.sudoestehoje.com.br\/novoportal\/wp-content\/uploads\/2019\/02\/mst-carro-ministro.jpg\"><img loading=\"lazy\" decoding=\"async\" class=\"aligncenter size-medium wp-image-78516\" src=\"http:\/\/www.sudoestehoje.com.br\/novoportal\/wp-content\/uploads\/2019\/02\/mst-carro-ministro-500x280.jpg\" alt=\"\" width=\"500\" height=\"280\" srcset=\"https:\/\/www.sudoestehoje.com.br\/novoportal\/wp-content\/uploads\/2019\/02\/mst-carro-ministro-500x280.jpg 500w, https:\/\/www.sudoestehoje.com.br\/novoportal\/wp-content\/uploads\/2019\/02\/mst-carro-ministro-768x430.jpg 768w, https:\/\/www.sudoestehoje.com.br\/novoportal\/wp-content\/uploads\/2019\/02\/mst-carro-ministro-700x392.jpg 700w, https:\/\/www.sudoestehoje.com.br\/novoportal\/wp-content\/uploads\/2019\/02\/mst-carro-ministro.jpg 828w\" sizes=\"auto, (max-width: 500px) 100vw, 500px\" \/><\/a><\/p>\n<p>Ele divulgou v\u00eddeo e fotos que mostram um vidro trincado e uma bandeira do PCO estendida sobre o cap\u00f4 do carro.<\/p>\n","protected":false},"excerpt":{"rendered":"<p>O ministro do Meio Ambiente, Ricardo Salles, esteve na quarta-feira, no Planalto para relatar &#8220;momentos de tens\u00e3o&#8221; que enfrentou em viagem ao Parque Nacional do Pau Brasil, em Porto Seguro, na Bahia. A assessores e ministros, ele relatou que integrantes do Movimento dos Sem Terra (MST) e do Partido da Causa Oper\u00e1ria (PCO) cercaram o [&hellip;]<\/p>\n","protected":false},"author":2,"featured_media":78516,"comment_status":"open","ping_status":"open","sticky":false,"template":"","format":"standard","meta":{"footnotes":"","_links_to":"","_links_to_target":""},"categories":[1],"tags":[],"class_list":["post-78515","post","type-post","status-publish","format-standard","has-post-thumbnail","hentry","category-geral"],"views":1159,"_links":{"self":[{"href":"https:\/\/www.sudoestehoje.com.br\/novoportal\/wp-json\/wp\/v2\/posts\/78515","targetHints":{"allow":["GET"]}}],"collection":[{"href":"https:\/\/www.sudoestehoje.com.br\/novoportal\/wp-json\/wp\/v2\/posts"}],"about":[{"href":"https:\/\/www.sudoestehoje.com.br\/novoportal\/wp-json\/wp\/v2\/types\/post"}],"author":[{"embeddable":true,"href":"https:\/\/www.sudoestehoje.com.br\/novoportal\/wp-json\/wp\/v2\/users\/2"}],"replies":[{"embeddable":true,"href":"https:\/\/www.sudoestehoje.com.br\/novoportal\/wp-json\/wp\/v2\/comments?post=78515"}],"version-history":[{"count":3,"href":"https:\/\/www.sudoestehoje.com.br\/novoportal\/wp-json\/wp\/v2\/posts\/78515\/revisions"}],"predecessor-version":[{"id":78520,"href":"https:\/\/www.sudoestehoje.com.br\/novoportal\/wp-json\/wp\/v2\/posts\/78515\/revisions\/78520"}],"wp:featuredmedia":[{"embeddable":true,"href":"https:\/\/www.sudoestehoje.com.br\/novoportal\/wp-json\/wp\/v2\/media\/78516"}],"wp:attachment":[{"href":"https:\/\/www.sudoestehoje.com.br\/novoportal\/wp-json\/wp\/v2\/media?parent=78515"}],"wp:term":[{"taxonomy":"category","embeddable":true,"href":"https:\/\/www.sudoestehoje.com.br\/novoportal\/wp-json\/wp\/v2\/categories?post=78515"},{"taxonomy":"post_tag","embeddable":true,"href":"https:\/\/www.sudoestehoje.com.br\/novoportal\/wp-json\/wp\/v2\/tags?post=78515"}],"curies":[{"name":"wp","href":"https:\/\/api.w.org\/{rel}","templated":true}]}}