
{"id":78512,"date":"2019-02-28T07:26:32","date_gmt":"2019-02-28T10:26:32","guid":{"rendered":"http:\/\/www.sudoestehoje.com.br\/novoportal\/?p=78512"},"modified":"2019-02-28T07:26:32","modified_gmt":"2019-02-28T10:26:32","slug":"morre-no-hcr-o-taxista-lelinha","status":"publish","type":"post","link":"https:\/\/www.sudoestehoje.com.br\/novoportal\/2019\/02\/28\/morre-no-hcr-o-taxista-lelinha\/","title":{"rendered":"MORRE NO HCR O TAXISTA &#8216;LELINHA&#8217;"},"content":{"rendered":"<p><a href=\"http:\/\/www.sudoestehoje.com.br\/novoportal\/wp-content\/uploads\/2019\/02\/lelinha.jpg\"><img loading=\"lazy\" decoding=\"async\" class=\"aligncenter size-medium wp-image-78513\" src=\"http:\/\/www.sudoestehoje.com.br\/novoportal\/wp-content\/uploads\/2019\/02\/lelinha-500x365.jpg\" alt=\"\" width=\"500\" height=\"365\" srcset=\"https:\/\/www.sudoestehoje.com.br\/novoportal\/wp-content\/uploads\/2019\/02\/lelinha-500x365.jpg 500w, https:\/\/www.sudoestehoje.com.br\/novoportal\/wp-content\/uploads\/2019\/02\/lelinha.jpg 687w\" sizes=\"auto, (max-width: 500px) 100vw, 500px\" \/><\/a><\/p>\n<p>Faleceu, na madrugada desta quinta-feira (27), no Hospital Cristo Redentor, em Itapetinga, o conhecido taxista &#8216;Lelinha&#8217;, um dos mais antigos de Itapetinga, que atuava no ponto da Pra\u00e7a Augusto Carvalho.<\/p>\n<p>De acordo com informa\u00e7\u00f5es, Lelinha foi v\u00edtima de um AVC no in\u00edcio da semana, sendo imediatamente internado no HCR, mas n\u00e3o houve evolu\u00e7\u00e3o no seu quadro de sa\u00fade, vindo a falecer hoje.<\/p>\n<p>A fam\u00edlia ainda n\u00e3o informou o local do vel\u00f3rio e sepultamento.<\/p>\n<p>O Sudoeste Hoje manifesta o seu pesar\u00a0 \u00e0 fam\u00edlia enlutada, na pessoa dos seus filhos e esposa, e do irm\u00e3o Osmarino, pessoa conhecida e muito querida em Itapetinga.<\/p>\n<p><strong><em>Davi Ferraz &#8211; Editor\u00a0<\/em><\/strong><\/p>\n","protected":false},"excerpt":{"rendered":"<p>Faleceu, na madrugada desta quinta-feira (27), no Hospital Cristo Redentor, em Itapetinga, o conhecido taxista &#8216;Lelinha&#8217;, um dos mais antigos de Itapetinga, que atuava no ponto da Pra\u00e7a Augusto Carvalho. De acordo com informa\u00e7\u00f5es, Lelinha foi v\u00edtima de um AVC no in\u00edcio da semana, sendo imediatamente internado no HCR, mas n\u00e3o houve evolu\u00e7\u00e3o no seu [&hellip;]<\/p>\n","protected":false},"author":2,"featured_media":78513,"comment_status":"open","ping_status":"open","sticky":false,"template":"","format":"standard","meta":{"footnotes":"","_links_to":"","_links_to_target":""},"categories":[1],"tags":[],"class_list":["post-78512","post","type-post","status-publish","format-standard","has-post-thumbnail","hentry","category-geral"],"views":1809,"_links":{"self":[{"href":"https:\/\/www.sudoestehoje.com.br\/novoportal\/wp-json\/wp\/v2\/posts\/78512","targetHints":{"allow":["GET"]}}],"collection":[{"href":"https:\/\/www.sudoestehoje.com.br\/novoportal\/wp-json\/wp\/v2\/posts"}],"about":[{"href":"https:\/\/www.sudoestehoje.com.br\/novoportal\/wp-json\/wp\/v2\/types\/post"}],"author":[{"embeddable":true,"href":"https:\/\/www.sudoestehoje.com.br\/novoportal\/wp-json\/wp\/v2\/users\/2"}],"replies":[{"embeddable":true,"href":"https:\/\/www.sudoestehoje.com.br\/novoportal\/wp-json\/wp\/v2\/comments?post=78512"}],"version-history":[{"count":1,"href":"https:\/\/www.sudoestehoje.com.br\/novoportal\/wp-json\/wp\/v2\/posts\/78512\/revisions"}],"predecessor-version":[{"id":78514,"href":"https:\/\/www.sudoestehoje.com.br\/novoportal\/wp-json\/wp\/v2\/posts\/78512\/revisions\/78514"}],"wp:featuredmedia":[{"embeddable":true,"href":"https:\/\/www.sudoestehoje.com.br\/novoportal\/wp-json\/wp\/v2\/media\/78513"}],"wp:attachment":[{"href":"https:\/\/www.sudoestehoje.com.br\/novoportal\/wp-json\/wp\/v2\/media?parent=78512"}],"wp:term":[{"taxonomy":"category","embeddable":true,"href":"https:\/\/www.sudoestehoje.com.br\/novoportal\/wp-json\/wp\/v2\/categories?post=78512"},{"taxonomy":"post_tag","embeddable":true,"href":"https:\/\/www.sudoestehoje.com.br\/novoportal\/wp-json\/wp\/v2\/tags?post=78512"}],"curies":[{"name":"wp","href":"https:\/\/api.w.org\/{rel}","templated":true}]}}