
{"id":78398,"date":"2019-02-22T23:42:24","date_gmt":"2019-02-23T02:42:24","guid":{"rendered":"http:\/\/www.sudoestehoje.com.br\/novoportal\/?p=78398"},"modified":"2019-02-22T23:42:24","modified_gmt":"2019-02-23T02:42:24","slug":"bahia-registra-37-mil-casos-de-dengue-e-seis-mortes-doenca-atinge-120-municipios","status":"publish","type":"post","link":"https:\/\/www.sudoestehoje.com.br\/novoportal\/2019\/02\/22\/bahia-registra-37-mil-casos-de-dengue-e-seis-mortes-doenca-atinge-120-municipios\/","title":{"rendered":"BAHIA REGISTRA 3,7 MIL CASOS DE DENGUE E SEIS MORTES; DOEN\u00c7A ATINGE 120 MUNIC\u00cdPIOS"},"content":{"rendered":"<p><a href=\"http:\/\/www.sudoestehoje.com.br\/novoportal\/wp-content\/uploads\/2019\/02\/dengue-aedes.jpg\"><img loading=\"lazy\" decoding=\"async\" class=\"aligncenter size-medium wp-image-78402\" src=\"http:\/\/www.sudoestehoje.com.br\/novoportal\/wp-content\/uploads\/2019\/02\/dengue-aedes-500x283.jpg\" alt=\"\" width=\"500\" height=\"283\" srcset=\"https:\/\/www.sudoestehoje.com.br\/novoportal\/wp-content\/uploads\/2019\/02\/dengue-aedes-500x283.jpg 500w, https:\/\/www.sudoestehoje.com.br\/novoportal\/wp-content\/uploads\/2019\/02\/dengue-aedes-700x397.jpg 700w, https:\/\/www.sudoestehoje.com.br\/novoportal\/wp-content\/uploads\/2019\/02\/dengue-aedes.jpg 750w\" sizes=\"auto, (max-width: 500px) 100vw, 500px\" \/><\/a><\/p>\n<p>O aumento no n\u00famero de casos de dengue na Bahia assusta neste in\u00edcio de ano. A situa\u00e7\u00e3o \u00e9 mais grave em Feira de Santana, onde foram registrados 1.520 casos da doen\u00e7a e quatro mortes, segundo o novo boletim epidemiol\u00f3gico divulgado pela Secretaria de Sa\u00fade de Bahia (Sesab), nesta sexta-feira (22).<\/p>\n<p>De acordo com a Sesab, outras duas mortes causadas pela dengue foram registradas em Salvador e Candeias, na Regi\u00e3o Metropolitana. No estado, j\u00e1 foram notificados 3.725 casos da doen\u00e7a, que \u00e9 transmitida pelo mosquito Aedes aegypti, que tamb\u00e9m \u00e9 respons\u00e1vel por doen\u00e7as como zika e chikungunya.<\/p>\n<p>O n\u00famero de casos de dengue na Bahia cresceu <strong><em>301,4%<\/em> <\/strong>neste in\u00edcio de 2019, na compara\u00e7\u00e3o com o mesmo per\u00edodo do ano passado. Al\u00e9m de Feira de Santana, Salvador e Candeias, outros 120 munic\u00edpios fizeram notifica\u00e7\u00f5es. Entre as localidades com registro de casos est\u00e3o Camacan, Itabuna, Ilh\u00e9us, <strong>Itapetinga<\/strong>, Ipia\u00fa, Eun\u00e1polis, Porto Seguro, Teixeira de Freitas, Jequi\u00e9, Vit\u00f3ria da Conquista.<\/p>\n","protected":false},"excerpt":{"rendered":"<p>O aumento no n\u00famero de casos de dengue na Bahia assusta neste in\u00edcio de ano. A situa\u00e7\u00e3o \u00e9 mais grave em Feira de Santana, onde foram registrados 1.520 casos da doen\u00e7a e quatro mortes, segundo o novo boletim epidemiol\u00f3gico divulgado pela Secretaria de Sa\u00fade de Bahia (Sesab), nesta sexta-feira (22). De acordo com a Sesab, [&hellip;]<\/p>\n","protected":false},"author":2,"featured_media":78402,"comment_status":"open","ping_status":"open","sticky":false,"template":"","format":"standard","meta":{"footnotes":"","_links_to":"","_links_to_target":""},"categories":[1],"tags":[],"class_list":["post-78398","post","type-post","status-publish","format-standard","has-post-thumbnail","hentry","category-geral"],"views":893,"_links":{"self":[{"href":"https:\/\/www.sudoestehoje.com.br\/novoportal\/wp-json\/wp\/v2\/posts\/78398","targetHints":{"allow":["GET"]}}],"collection":[{"href":"https:\/\/www.sudoestehoje.com.br\/novoportal\/wp-json\/wp\/v2\/posts"}],"about":[{"href":"https:\/\/www.sudoestehoje.com.br\/novoportal\/wp-json\/wp\/v2\/types\/post"}],"author":[{"embeddable":true,"href":"https:\/\/www.sudoestehoje.com.br\/novoportal\/wp-json\/wp\/v2\/users\/2"}],"replies":[{"embeddable":true,"href":"https:\/\/www.sudoestehoje.com.br\/novoportal\/wp-json\/wp\/v2\/comments?post=78398"}],"version-history":[{"count":4,"href":"https:\/\/www.sudoestehoje.com.br\/novoportal\/wp-json\/wp\/v2\/posts\/78398\/revisions"}],"predecessor-version":[{"id":78403,"href":"https:\/\/www.sudoestehoje.com.br\/novoportal\/wp-json\/wp\/v2\/posts\/78398\/revisions\/78403"}],"wp:featuredmedia":[{"embeddable":true,"href":"https:\/\/www.sudoestehoje.com.br\/novoportal\/wp-json\/wp\/v2\/media\/78402"}],"wp:attachment":[{"href":"https:\/\/www.sudoestehoje.com.br\/novoportal\/wp-json\/wp\/v2\/media?parent=78398"}],"wp:term":[{"taxonomy":"category","embeddable":true,"href":"https:\/\/www.sudoestehoje.com.br\/novoportal\/wp-json\/wp\/v2\/categories?post=78398"},{"taxonomy":"post_tag","embeddable":true,"href":"https:\/\/www.sudoestehoje.com.br\/novoportal\/wp-json\/wp\/v2\/tags?post=78398"}],"curies":[{"name":"wp","href":"https:\/\/api.w.org\/{rel}","templated":true}]}}