
{"id":78395,"date":"2019-02-22T19:09:52","date_gmt":"2019-02-22T22:09:52","guid":{"rendered":"http:\/\/www.sudoestehoje.com.br\/novoportal\/?p=78395"},"modified":"2019-02-22T19:09:52","modified_gmt":"2019-02-22T22:09:52","slug":"confronto-na-fronteira-venezuela-brasil-deixa-dois-mortos-e-22-feridos","status":"publish","type":"post","link":"https:\/\/www.sudoestehoje.com.br\/novoportal\/2019\/02\/22\/confronto-na-fronteira-venezuela-brasil-deixa-dois-mortos-e-22-feridos\/","title":{"rendered":"CONFRONTO NA FRONTEIRA VENEZUELA-BRASIL DEIXA DOIS MORTOS E 22 FERIDOS"},"content":{"rendered":"<p><a href=\"http:\/\/www.sudoestehoje.com.br\/novoportal\/wp-content\/uploads\/2019\/02\/confronto-na-venezuela-1000x530.jpg\"><img loading=\"lazy\" decoding=\"async\" class=\"aligncenter size-medium wp-image-78396\" src=\"http:\/\/www.sudoestehoje.com.br\/novoportal\/wp-content\/uploads\/2019\/02\/confronto-na-venezuela-1000x530-500x265.jpg\" alt=\"\" width=\"500\" height=\"265\" srcset=\"https:\/\/www.sudoestehoje.com.br\/novoportal\/wp-content\/uploads\/2019\/02\/confronto-na-venezuela-1000x530-500x265.jpg 500w, https:\/\/www.sudoestehoje.com.br\/novoportal\/wp-content\/uploads\/2019\/02\/confronto-na-venezuela-1000x530-768x407.jpg 768w, https:\/\/www.sudoestehoje.com.br\/novoportal\/wp-content\/uploads\/2019\/02\/confronto-na-venezuela-1000x530-700x371.jpg 700w, https:\/\/www.sudoestehoje.com.br\/novoportal\/wp-content\/uploads\/2019\/02\/confronto-na-venezuela-1000x530.jpg 1000w\" sizes=\"auto, (max-width: 500px) 100vw, 500px\" \/><\/a><\/p>\n<p>Duas pessoas morreram em um confronto entre for\u00e7as do Ex\u00e9rcito Venezuelano e um grupo de ind\u00edgenas na localidade de San Francisco de Yuruan\u00ed, em Kumaracupay, a cerca de 80 quil\u00f4metros da cidade brasileira de Pacaraima, na fronteira entre o Brasil e a Venezuela. As informa\u00e7\u00f5es s\u00e3o do jornal venezuelano El Nacional.<\/p>\n<p>A m\u00eddia local fala ainda em 22 feridos, sendo que alguns deles estariam em estado grave, o que pode aumentar o n\u00famero de v\u00edtimas fatais.<\/p>\n<p>Os ind\u00edgenas da etnia pemon haviam formado uma barricada na estrada Troncal 10, que faz a liga\u00e7\u00e3o do interior da Venezuela com a passagem fronteiri\u00e7a entre Santa Elena de Uair\u00e9n e Pacaraima, em Roraima.<\/p>\n<p>De acordo com relatos nas redes sociais, os homens do Ex\u00e9rcito chegaram em um pequeno \u00f4nibus e desceram atirando contra os ind\u00edgenas na barricada.<\/p>\n<p>Os pemon j\u00e1 haviam anunciado que se juntariam aos grupos de volunt\u00e1rios que responderam \u00e0 convoca\u00e7\u00e3o da oposi\u00e7\u00e3o ao governo de Nicol\u00e1s Maduro para fazer chegar a ajuda humanit\u00e1ria mobilizada pelo Brasil na fronteira.<\/p>\n","protected":false},"excerpt":{"rendered":"<p>Duas pessoas morreram em um confronto entre for\u00e7as do Ex\u00e9rcito Venezuelano e um grupo de ind\u00edgenas na localidade de San Francisco de Yuruan\u00ed, em Kumaracupay, a cerca de 80 quil\u00f4metros da cidade brasileira de Pacaraima, na fronteira entre o Brasil e a Venezuela. As informa\u00e7\u00f5es s\u00e3o do jornal venezuelano El Nacional. A m\u00eddia local fala [&hellip;]<\/p>\n","protected":false},"author":2,"featured_media":78396,"comment_status":"open","ping_status":"open","sticky":false,"template":"","format":"standard","meta":{"footnotes":"","_links_to":"","_links_to_target":""},"categories":[1],"tags":[],"class_list":["post-78395","post","type-post","status-publish","format-standard","has-post-thumbnail","hentry","category-geral"],"views":1027,"_links":{"self":[{"href":"https:\/\/www.sudoestehoje.com.br\/novoportal\/wp-json\/wp\/v2\/posts\/78395","targetHints":{"allow":["GET"]}}],"collection":[{"href":"https:\/\/www.sudoestehoje.com.br\/novoportal\/wp-json\/wp\/v2\/posts"}],"about":[{"href":"https:\/\/www.sudoestehoje.com.br\/novoportal\/wp-json\/wp\/v2\/types\/post"}],"author":[{"embeddable":true,"href":"https:\/\/www.sudoestehoje.com.br\/novoportal\/wp-json\/wp\/v2\/users\/2"}],"replies":[{"embeddable":true,"href":"https:\/\/www.sudoestehoje.com.br\/novoportal\/wp-json\/wp\/v2\/comments?post=78395"}],"version-history":[{"count":1,"href":"https:\/\/www.sudoestehoje.com.br\/novoportal\/wp-json\/wp\/v2\/posts\/78395\/revisions"}],"predecessor-version":[{"id":78397,"href":"https:\/\/www.sudoestehoje.com.br\/novoportal\/wp-json\/wp\/v2\/posts\/78395\/revisions\/78397"}],"wp:featuredmedia":[{"embeddable":true,"href":"https:\/\/www.sudoestehoje.com.br\/novoportal\/wp-json\/wp\/v2\/media\/78396"}],"wp:attachment":[{"href":"https:\/\/www.sudoestehoje.com.br\/novoportal\/wp-json\/wp\/v2\/media?parent=78395"}],"wp:term":[{"taxonomy":"category","embeddable":true,"href":"https:\/\/www.sudoestehoje.com.br\/novoportal\/wp-json\/wp\/v2\/categories?post=78395"},{"taxonomy":"post_tag","embeddable":true,"href":"https:\/\/www.sudoestehoje.com.br\/novoportal\/wp-json\/wp\/v2\/tags?post=78395"}],"curies":[{"name":"wp","href":"https:\/\/api.w.org\/{rel}","templated":true}]}}