
{"id":78390,"date":"2019-02-22T18:57:25","date_gmt":"2019-02-22T21:57:25","guid":{"rendered":"http:\/\/www.sudoestehoje.com.br\/novoportal\/?p=78390"},"modified":"2019-02-22T18:57:25","modified_gmt":"2019-02-22T21:57:25","slug":"itapetinga-sessoes-da-camara-passam-a-ser-transmitidas-ao-vivo-pela-internet","status":"publish","type":"post","link":"https:\/\/www.sudoestehoje.com.br\/novoportal\/2019\/02\/22\/itapetinga-sessoes-da-camara-passam-a-ser-transmitidas-ao-vivo-pela-internet\/","title":{"rendered":"ITAPETINGA: SESS\u00d5ES DA C\u00c2MARA PASSAM A SER TRANSMITIDAS AO VIVO PELA INTERNET"},"content":{"rendered":"<p><a href=\"http:\/\/www.sudoestehoje.com.br\/novoportal\/wp-content\/uploads\/2019\/02\/G4.jpg\"><img loading=\"lazy\" decoding=\"async\" class=\"aligncenter size-medium wp-image-78392\" src=\"http:\/\/www.sudoestehoje.com.br\/novoportal\/wp-content\/uploads\/2019\/02\/G4-500x286.jpg\" alt=\"\" width=\"500\" height=\"286\" srcset=\"https:\/\/www.sudoestehoje.com.br\/novoportal\/wp-content\/uploads\/2019\/02\/G4-500x286.jpg 500w, https:\/\/www.sudoestehoje.com.br\/novoportal\/wp-content\/uploads\/2019\/02\/G4-768x439.jpg 768w, https:\/\/www.sudoestehoje.com.br\/novoportal\/wp-content\/uploads\/2019\/02\/G4-700x400.jpg 700w, https:\/\/www.sudoestehoje.com.br\/novoportal\/wp-content\/uploads\/2019\/02\/G4.jpg 960w\" sizes=\"auto, (max-width: 500px) 100vw, 500px\" \/><\/a><\/p>\n<p>A C\u00e2mara Municipal de Itapetinga realizou, na noite dessa quinta-feira (21), a primeira sess\u00e3o ordin\u00e1ria do ano de 2019, durante a qual aprovou requerimento para contrata\u00e7\u00e3o de emissoras de r\u00e1dio que far\u00e3o a transmiss\u00e3o das sess\u00f5es. A novidade \u00e9 que agora todas as sess\u00f5es tamb\u00e9m ser\u00e3o transmitidas ao vivo pela internet.<\/p>\n<p>A transmiss\u00e3o pela internet visa aproximar a C\u00e2mara da comunidade, facilitando o acompanhamento dos trabalhos e o compartilhamento das informa\u00e7\u00f5es de interesse p\u00fablico. De acordo com a Mesa Diretora, os canais de comunica\u00e7\u00e3o do Poder Legislativo Municipal ser\u00e3o ampliados, para garantir o direito \u00e0 informa\u00e7\u00e3o. A ideia \u00e9 lan\u00e7ar um novo portal na internet e sistemas que facilitem o acesso a leis e documentos em tramita\u00e7\u00e3o.<\/p>\n<p>As sess\u00f5es passar\u00e3o a ser transmitidas na p\u00e1gina oficial da C\u00e2mara na Internet e no Facebook. Al\u00e9m disso, os v\u00eddeos ser\u00e3o armazenados em canal oficial no Youtube. As mudan\u00e7as j\u00e1 est\u00e3o em fase de implementa\u00e7\u00e3o.<\/p>\n<p>Acompanhe as sess\u00f5es pelo endere\u00e7o:<span style=\"color: #0000ff;\"><strong>\u00a0<a style=\"color: #0000ff;\" href=\"https:\/\/www.facebook.com\/g4tvaovivo\/\">https:\/\/www.facebook.com\/g4tvaovivo\/<\/a><\/strong><\/span>.<\/p>\n","protected":false},"excerpt":{"rendered":"<p>A C\u00e2mara Municipal de Itapetinga realizou, na noite dessa quinta-feira (21), a primeira sess\u00e3o ordin\u00e1ria do ano de 2019, durante a qual aprovou requerimento para contrata\u00e7\u00e3o de emissoras de r\u00e1dio que far\u00e3o a transmiss\u00e3o das sess\u00f5es. A novidade \u00e9 que agora todas as sess\u00f5es tamb\u00e9m ser\u00e3o transmitidas ao vivo pela internet. A transmiss\u00e3o pela internet [&hellip;]<\/p>\n","protected":false},"author":2,"featured_media":78392,"comment_status":"open","ping_status":"open","sticky":false,"template":"","format":"standard","meta":{"footnotes":"","_links_to":"","_links_to_target":""},"categories":[1],"tags":[],"class_list":["post-78390","post","type-post","status-publish","format-standard","has-post-thumbnail","hentry","category-geral"],"views":905,"_links":{"self":[{"href":"https:\/\/www.sudoestehoje.com.br\/novoportal\/wp-json\/wp\/v2\/posts\/78390","targetHints":{"allow":["GET"]}}],"collection":[{"href":"https:\/\/www.sudoestehoje.com.br\/novoportal\/wp-json\/wp\/v2\/posts"}],"about":[{"href":"https:\/\/www.sudoestehoje.com.br\/novoportal\/wp-json\/wp\/v2\/types\/post"}],"author":[{"embeddable":true,"href":"https:\/\/www.sudoestehoje.com.br\/novoportal\/wp-json\/wp\/v2\/users\/2"}],"replies":[{"embeddable":true,"href":"https:\/\/www.sudoestehoje.com.br\/novoportal\/wp-json\/wp\/v2\/comments?post=78390"}],"version-history":[{"count":3,"href":"https:\/\/www.sudoestehoje.com.br\/novoportal\/wp-json\/wp\/v2\/posts\/78390\/revisions"}],"predecessor-version":[{"id":78394,"href":"https:\/\/www.sudoestehoje.com.br\/novoportal\/wp-json\/wp\/v2\/posts\/78390\/revisions\/78394"}],"wp:featuredmedia":[{"embeddable":true,"href":"https:\/\/www.sudoestehoje.com.br\/novoportal\/wp-json\/wp\/v2\/media\/78392"}],"wp:attachment":[{"href":"https:\/\/www.sudoestehoje.com.br\/novoportal\/wp-json\/wp\/v2\/media?parent=78390"}],"wp:term":[{"taxonomy":"category","embeddable":true,"href":"https:\/\/www.sudoestehoje.com.br\/novoportal\/wp-json\/wp\/v2\/categories?post=78390"},{"taxonomy":"post_tag","embeddable":true,"href":"https:\/\/www.sudoestehoje.com.br\/novoportal\/wp-json\/wp\/v2\/tags?post=78390"}],"curies":[{"name":"wp","href":"https:\/\/api.w.org\/{rel}","templated":true}]}}