
{"id":78307,"date":"2019-02-17T14:39:40","date_gmt":"2019-02-17T17:39:40","guid":{"rendered":"http:\/\/www.sudoestehoje.com.br\/novoportal\/?p=78307"},"modified":"2019-02-17T14:39:40","modified_gmt":"2019-02-17T17:39:40","slug":"medio-sudoeste-carretas-da-veracel-estao-acabando-com-estrada-da-coreia-e-trecho-da-ba-262-de-nova-canaa-a-ponto-de-asterio","status":"publish","type":"post","link":"https:\/\/www.sudoestehoje.com.br\/novoportal\/2019\/02\/17\/medio-sudoeste-carretas-da-veracel-estao-acabando-com-estrada-da-coreia-e-trecho-da-ba-262-de-nova-canaa-a-ponto-de-asterio\/","title":{"rendered":"M\u00c9DIO SUDOESTE: CARRETAS DA VERACEL EST\u00c3O ACABANDO COM ESTRADA DA COR\u00c9IA E TRECHO DA BA-262, DE NOVA CANA\u00c3 A PONTO DE AST\u00c9RIO"},"content":{"rendered":"<p><a href=\"http:\/\/www.sudoestehoje.com.br\/novoportal\/wp-content\/uploads\/2019\/02\/veracel-1.jpg\"><img loading=\"lazy\" decoding=\"async\" class=\"aligncenter size-medium wp-image-78310\" src=\"http:\/\/www.sudoestehoje.com.br\/novoportal\/wp-content\/uploads\/2019\/02\/veracel-1-500x355.jpg\" alt=\"\" width=\"500\" height=\"355\" srcset=\"https:\/\/www.sudoestehoje.com.br\/novoportal\/wp-content\/uploads\/2019\/02\/veracel-1-500x355.jpg 500w, https:\/\/www.sudoestehoje.com.br\/novoportal\/wp-content\/uploads\/2019\/02\/veracel-1.jpg 576w\" sizes=\"auto, (max-width: 500px) 100vw, 500px\" \/><\/a><\/p>\n<p>Reformada e inaugurada pelo governo da estado h\u00e1 pouco mais de um ano, o trecho da BA-270, conhecido como &#8216;Estrada da Cor\u00e9ia&#8217;, j\u00e1 est\u00e1 apresentando buracos e afundamentos em grande parte da pista, devido ao tr\u00e1fego pesado de caminh\u00f5es transportando toras de eucalipto para a f\u00e1brica celulose Veracel, localizada na cidade de Eun\u00e1polis, no Extremo Sul do estado.<\/p>\n<p><a href=\"http:\/\/www.sudoestehoje.com.br\/novoportal\/wp-content\/uploads\/2019\/02\/veracel-4.jpg\"><img loading=\"lazy\" decoding=\"async\" class=\"aligncenter size-medium wp-image-78313\" src=\"http:\/\/www.sudoestehoje.com.br\/novoportal\/wp-content\/uploads\/2019\/02\/veracel-4-500x375.jpg\" alt=\"\" width=\"500\" height=\"375\" srcset=\"https:\/\/www.sudoestehoje.com.br\/novoportal\/wp-content\/uploads\/2019\/02\/veracel-4-500x375.jpg 500w, https:\/\/www.sudoestehoje.com.br\/novoportal\/wp-content\/uploads\/2019\/02\/veracel-4.jpg 571w\" sizes=\"auto, (max-width: 500px) 100vw, 500px\" \/><\/a><\/p>\n<p>Outro rodovia rec\u00e9m reformada pelo governo da Bahia que tamb\u00e9m vem sofrendo o impacto do tr\u00e1fego pesado desses caminh\u00f5es de madeira, \u00e9 a BA-262, no trecho entre Ponto de Ast\u00e9rio, Ibicu\u00ed, Igua\u00ed e Nova Cana\u00e3, onde uma Audi\u00eancia P\u00fablica foi realizada na semana passada para tratar do assunto, com a presen\u00e7a de prefeitos e outras autoridades da regi\u00e3o.<\/p>\n<p><a href=\"http:\/\/www.sudoestehoje.com.br\/novoportal\/wp-content\/uploads\/2019\/02\/veracel-8.jpg\"><img loading=\"lazy\" decoding=\"async\" class=\"aligncenter size-medium wp-image-78317\" src=\"http:\/\/www.sudoestehoje.com.br\/novoportal\/wp-content\/uploads\/2019\/02\/veracel-8-500x281.jpg\" alt=\"\" width=\"500\" height=\"281\" srcset=\"https:\/\/www.sudoestehoje.com.br\/novoportal\/wp-content\/uploads\/2019\/02\/veracel-8-500x281.jpg 500w, https:\/\/www.sudoestehoje.com.br\/novoportal\/wp-content\/uploads\/2019\/02\/veracel-8-768x432.jpg 768w, https:\/\/www.sudoestehoje.com.br\/novoportal\/wp-content\/uploads\/2019\/02\/veracel-8-700x394.jpg 700w, https:\/\/www.sudoestehoje.com.br\/novoportal\/wp-content\/uploads\/2019\/02\/veracel-8.jpg 960w\" sizes=\"auto, (max-width: 500px) 100vw, 500px\" \/><\/a><\/p>\n<p>Segundo o Engenheiro da SEINFRA, Dr. Emerson, a situa\u00e7\u00e3o ser\u00e1 encaminhada ao governador Rui Costa pelos pr\u00f3prios prefeitos, numa tentativa de limitar o peso das cargas, que em alguns casos v\u00eam ultrapassando 60 toneladas, quando o permitido \u00e9 40 t.<strong><em> Confira fotos da BA-270, entre Potiragu\u00e1 e a BR-101:<\/em><\/strong><\/p>\n\n\t\t<style type=\"text\/css\">\n\t\t\t#gallery-1 {\n\t\t\t\tmargin: auto;\n\t\t\t}\n\t\t\t#gallery-1 .gallery-item {\n\t\t\t\tfloat: left;\n\t\t\t\tmargin-top: 10px;\n\t\t\t\ttext-align: center;\n\t\t\t\twidth: 33%;\n\t\t\t}\n\t\t\t#gallery-1 img {\n\t\t\t\tborder: 2px solid #cfcfcf;\n\t\t\t}\n\t\t\t#gallery-1 .gallery-caption {\n\t\t\t\tmargin-left: 0;\n\t\t\t}\n\t\t\t\/* see gallery_shortcode() in wp-includes\/media.php *\/\n\t\t<\/style>\n\t\t<div id='gallery-1' class='gallery galleryid-78307 gallery-columns-3 gallery-size-thumbnail'><dl class='gallery-item'>\n\t\t\t<dt class='gallery-icon landscape'>\n\t\t\t\t<a href='https:\/\/www.sudoestehoje.com.br\/novoportal\/2019\/02\/17\/medio-sudoeste-carretas-da-veracel-estao-acabando-com-estrada-da-coreia-e-trecho-da-ba-262-de-nova-canaa-a-ponto-de-asterio\/veracel-7\/'><img loading=\"lazy\" decoding=\"async\" width=\"150\" height=\"150\" src=\"https:\/\/www.sudoestehoje.com.br\/novoportal\/wp-content\/uploads\/2019\/02\/veracel-7-150x150.jpg\" class=\"attachment-thumbnail size-thumbnail\" alt=\"\" \/><\/a>\n\t\t\t<\/dt><\/dl><dl class='gallery-item'>\n\t\t\t<dt class='gallery-icon landscape'>\n\t\t\t\t<a href='https:\/\/www.sudoestehoje.com.br\/novoportal\/2019\/02\/17\/medio-sudoeste-carretas-da-veracel-estao-acabando-com-estrada-da-coreia-e-trecho-da-ba-262-de-nova-canaa-a-ponto-de-asterio\/veracel-6\/'><img loading=\"lazy\" decoding=\"async\" width=\"150\" height=\"150\" src=\"https:\/\/www.sudoestehoje.com.br\/novoportal\/wp-content\/uploads\/2019\/02\/veracel-6-150x150.jpg\" class=\"attachment-thumbnail size-thumbnail\" alt=\"\" \/><\/a>\n\t\t\t<\/dt><\/dl><dl class='gallery-item'>\n\t\t\t<dt class='gallery-icon landscape'>\n\t\t\t\t<a href='https:\/\/www.sudoestehoje.com.br\/novoportal\/2019\/02\/17\/medio-sudoeste-carretas-da-veracel-estao-acabando-com-estrada-da-coreia-e-trecho-da-ba-262-de-nova-canaa-a-ponto-de-asterio\/veracel-5\/'><img loading=\"lazy\" decoding=\"async\" width=\"150\" height=\"150\" src=\"https:\/\/www.sudoestehoje.com.br\/novoportal\/wp-content\/uploads\/2019\/02\/veracel-5-150x150.jpg\" class=\"attachment-thumbnail size-thumbnail\" alt=\"\" \/><\/a>\n\t\t\t<\/dt><\/dl><br style=\"clear: both\" \/><dl class='gallery-item'>\n\t\t\t<dt class='gallery-icon landscape'>\n\t\t\t\t<a href='https:\/\/www.sudoestehoje.com.br\/novoportal\/2019\/02\/17\/medio-sudoeste-carretas-da-veracel-estao-acabando-com-estrada-da-coreia-e-trecho-da-ba-262-de-nova-canaa-a-ponto-de-asterio\/veracel-3\/'><img loading=\"lazy\" decoding=\"async\" width=\"150\" height=\"150\" src=\"https:\/\/www.sudoestehoje.com.br\/novoportal\/wp-content\/uploads\/2019\/02\/veracel-3-150x150.jpg\" class=\"attachment-thumbnail size-thumbnail\" alt=\"\" srcset=\"https:\/\/www.sudoestehoje.com.br\/novoportal\/wp-content\/uploads\/2019\/02\/veracel-3-150x150.jpg 150w, https:\/\/www.sudoestehoje.com.br\/novoportal\/wp-content\/uploads\/2019\/02\/veracel-3-500x500.jpg 500w, https:\/\/www.sudoestehoje.com.br\/novoportal\/wp-content\/uploads\/2019\/02\/veracel-3.jpg 576w\" sizes=\"auto, (max-width: 150px) 100vw, 150px\" \/><\/a>\n\t\t\t<\/dt><\/dl><dl class='gallery-item'>\n\t\t\t<dt class='gallery-icon landscape'>\n\t\t\t\t<a href='https:\/\/www.sudoestehoje.com.br\/novoportal\/2019\/02\/17\/medio-sudoeste-carretas-da-veracel-estao-acabando-com-estrada-da-coreia-e-trecho-da-ba-262-de-nova-canaa-a-ponto-de-asterio\/veracel-2\/'><img loading=\"lazy\" decoding=\"async\" width=\"150\" height=\"150\" src=\"https:\/\/www.sudoestehoje.com.br\/novoportal\/wp-content\/uploads\/2019\/02\/veracel-2-150x150.jpg\" class=\"attachment-thumbnail size-thumbnail\" alt=\"\" \/><\/a>\n\t\t\t<\/dt><\/dl><dl class='gallery-item'>\n\t\t\t<dt class='gallery-icon landscape'>\n\t\t\t\t<a href='https:\/\/www.sudoestehoje.com.br\/novoportal\/2019\/02\/17\/medio-sudoeste-carretas-da-veracel-estao-acabando-com-estrada-da-coreia-e-trecho-da-ba-262-de-nova-canaa-a-ponto-de-asterio\/veracel-4\/'><img loading=\"lazy\" decoding=\"async\" width=\"150\" height=\"150\" src=\"https:\/\/www.sudoestehoje.com.br\/novoportal\/wp-content\/uploads\/2019\/02\/veracel-4-150x150.jpg\" class=\"attachment-thumbnail size-thumbnail\" alt=\"\" \/><\/a>\n\t\t\t<\/dt><\/dl><br style=\"clear: both\" \/>\n\t\t<\/div>\n\n<p><strong><em>Por Davi Ferraz &#8211; Fotos Sudoeste Hoje<\/em><\/strong><\/p>\n","protected":false},"excerpt":{"rendered":"<p>Reformada e inaugurada pelo governo da estado h\u00e1 pouco mais de um ano, o trecho da BA-270, conhecido como &#8216;Estrada da Cor\u00e9ia&#8217;, j\u00e1 est\u00e1 apresentando buracos e afundamentos em grande parte da pista, devido ao tr\u00e1fego pesado de caminh\u00f5es transportando toras de eucalipto para a f\u00e1brica celulose Veracel, localizada na cidade de Eun\u00e1polis, no Extremo [&hellip;]<\/p>\n","protected":false},"author":2,"featured_media":78310,"comment_status":"open","ping_status":"open","sticky":false,"template":"","format":"standard","meta":{"footnotes":"","_links_to":"","_links_to_target":""},"categories":[1],"tags":[],"class_list":["post-78307","post","type-post","status-publish","format-standard","has-post-thumbnail","hentry","category-geral"],"views":2850,"_links":{"self":[{"href":"https:\/\/www.sudoestehoje.com.br\/novoportal\/wp-json\/wp\/v2\/posts\/78307","targetHints":{"allow":["GET"]}}],"collection":[{"href":"https:\/\/www.sudoestehoje.com.br\/novoportal\/wp-json\/wp\/v2\/posts"}],"about":[{"href":"https:\/\/www.sudoestehoje.com.br\/novoportal\/wp-json\/wp\/v2\/types\/post"}],"author":[{"embeddable":true,"href":"https:\/\/www.sudoestehoje.com.br\/novoportal\/wp-json\/wp\/v2\/users\/2"}],"replies":[{"embeddable":true,"href":"https:\/\/www.sudoestehoje.com.br\/novoportal\/wp-json\/wp\/v2\/comments?post=78307"}],"version-history":[{"count":7,"href":"https:\/\/www.sudoestehoje.com.br\/novoportal\/wp-json\/wp\/v2\/posts\/78307\/revisions"}],"predecessor-version":[{"id":78322,"href":"https:\/\/www.sudoestehoje.com.br\/novoportal\/wp-json\/wp\/v2\/posts\/78307\/revisions\/78322"}],"wp:featuredmedia":[{"embeddable":true,"href":"https:\/\/www.sudoestehoje.com.br\/novoportal\/wp-json\/wp\/v2\/media\/78310"}],"wp:attachment":[{"href":"https:\/\/www.sudoestehoje.com.br\/novoportal\/wp-json\/wp\/v2\/media?parent=78307"}],"wp:term":[{"taxonomy":"category","embeddable":true,"href":"https:\/\/www.sudoestehoje.com.br\/novoportal\/wp-json\/wp\/v2\/categories?post=78307"},{"taxonomy":"post_tag","embeddable":true,"href":"https:\/\/www.sudoestehoje.com.br\/novoportal\/wp-json\/wp\/v2\/tags?post=78307"}],"curies":[{"name":"wp","href":"https:\/\/api.w.org\/{rel}","templated":true}]}}