
{"id":7830,"date":"2011-08-24T06:49:19","date_gmt":"2011-08-24T09:49:19","guid":{"rendered":"http:\/\/www.sudoestehoje.com.br\/novoportal\/?p=7830"},"modified":"2011-08-24T06:49:19","modified_gmt":"2011-08-24T09:49:19","slug":"religioes-afro-salvador-atras-de-porto-alegre","status":"publish","type":"post","link":"https:\/\/www.sudoestehoje.com.br\/novoportal\/2011\/08\/24\/religioes-afro-salvador-atras-de-porto-alegre\/","title":{"rendered":"RELIGI\u00d5ES AFRO: SALVADOR ATR\u00c1S DE PORTO ALEGRE"},"content":{"rendered":"<p style=\"text-align: center;\"><em><img decoding=\"async\" class=\"aligncenter\" src=\"http:\/\/www.bahianoticias.com.br\/fotos\/editor\/Image\/FOTOS%20NOVAS\/religioes_afro_brasileiras_infografico_bahianoticias_380x280.jpg\" alt=\"\" \/><\/em><br \/>\n<em><strong>Salvador perde para cidades do Sul e Sudeste em n\u00famero de praticantes de religi\u00f5es afro-brasileiras<\/strong><\/em><\/p>\n<p>&#8220;Nessa cidade nem todo mundo \u00e9 d\u2019Oxum&#8230;&#8221;. Embora seja considerada como a metr\u00f3pole de maior representatividade da cultura africana, Salvador \u00e9 apenas a quarta em adeptos de religi\u00f5es afro-brasileiras. A\u00a0capital baiana\u00a0ficou atr\u00e1s de Porto Alegre, Rio de Janeiro e S\u00e3o Paulo, respectivamente, de acordo com\u00a0pesquisa divulgada pela Funda\u00e7\u00e3o Get\u00falio Vargas (FGV), nesta ter\u00e7a-feira (23).\u00a0Apenas 0,33% dos soteropolitanos entrevistados se disseram praticantes de credos de origem africana.<\/p>\n<p>O antrop\u00f3logo Roberto Albergaria e o historiador e presidente da Funda\u00e7\u00e3o Pedro Calmon (FPC), Ubiratan Castro, divergem na interpreta\u00e7\u00e3o do resultado. \u201cO IBGE j\u00e1 havia feito uma pesquisa h\u00e1 10 anos em que Salvador s\u00f3 aparece em 13\u00ba lugar em n\u00famero de candombl\u00e9s. No fundo, a hist\u00f3ria desses credos passou a representar para a gente um item n\u00e3o religioso, mas cultural. \u00c9 a quest\u00e3o da baianidade que tamb\u00e9m foi ancorada neste mito da africanidade. \u2018A maior cidade negra fora da \u00c1frica\u2019. Mentira. Salvador \u00e9 a maior cidade mulata do Brasil\u201d, declarou Albergaria.<\/p>\n<p>J\u00e1 Ubiratan destaca que h\u00e1 um n\u00famero consider\u00e1vel de pessoas que n\u00e3o se assumem quanto \u00e0 religi\u00e3o. \u201cL\u00e1 [Porto Alegre, Rio de Janeiro e S\u00e3o Paulo] j\u00e1 existe uma quantidade maior de terreiros, e outra coisa: essas cidades possuem uma popula\u00e7\u00e3o que assume mais a religi\u00e3o. Aqui a grande maioria n\u00e3o quer nem saber. N\u00e3o d\u00e1 import\u00e2ncia, n\u00e3o assume sua religiosidade\u201d, opinou<\/p>\n","protected":false},"excerpt":{"rendered":"<p>Salvador perde para cidades do Sul e Sudeste em n\u00famero de praticantes de religi\u00f5es afro-brasileiras &#8220;Nessa cidade nem todo mundo \u00e9 d\u2019Oxum&#8230;&#8221;. Embora seja considerada como a metr\u00f3pole de maior representatividade da cultura africana, Salvador \u00e9 apenas a quarta em adeptos de religi\u00f5es afro-brasileiras. A\u00a0capital baiana\u00a0ficou atr\u00e1s de Porto Alegre, Rio de Janeiro e S\u00e3o [&hellip;]<\/p>\n","protected":false},"author":2,"featured_media":0,"comment_status":"open","ping_status":"open","sticky":false,"template":"","format":"standard","meta":{"footnotes":"","_links_to":"","_links_to_target":""},"categories":[1],"tags":[],"class_list":["post-7830","post","type-post","status-publish","format-standard","hentry","category-geral"],"views":1397,"_links":{"self":[{"href":"https:\/\/www.sudoestehoje.com.br\/novoportal\/wp-json\/wp\/v2\/posts\/7830","targetHints":{"allow":["GET"]}}],"collection":[{"href":"https:\/\/www.sudoestehoje.com.br\/novoportal\/wp-json\/wp\/v2\/posts"}],"about":[{"href":"https:\/\/www.sudoestehoje.com.br\/novoportal\/wp-json\/wp\/v2\/types\/post"}],"author":[{"embeddable":true,"href":"https:\/\/www.sudoestehoje.com.br\/novoportal\/wp-json\/wp\/v2\/users\/2"}],"replies":[{"embeddable":true,"href":"https:\/\/www.sudoestehoje.com.br\/novoportal\/wp-json\/wp\/v2\/comments?post=7830"}],"version-history":[{"count":4,"href":"https:\/\/www.sudoestehoje.com.br\/novoportal\/wp-json\/wp\/v2\/posts\/7830\/revisions"}],"predecessor-version":[{"id":7834,"href":"https:\/\/www.sudoestehoje.com.br\/novoportal\/wp-json\/wp\/v2\/posts\/7830\/revisions\/7834"}],"wp:attachment":[{"href":"https:\/\/www.sudoestehoje.com.br\/novoportal\/wp-json\/wp\/v2\/media?parent=7830"}],"wp:term":[{"taxonomy":"category","embeddable":true,"href":"https:\/\/www.sudoestehoje.com.br\/novoportal\/wp-json\/wp\/v2\/categories?post=7830"},{"taxonomy":"post_tag","embeddable":true,"href":"https:\/\/www.sudoestehoje.com.br\/novoportal\/wp-json\/wp\/v2\/tags?post=7830"}],"curies":[{"name":"wp","href":"https:\/\/api.w.org\/{rel}","templated":true}]}}