
{"id":78283,"date":"2019-02-15T15:45:49","date_gmt":"2019-02-15T18:45:49","guid":{"rendered":"http:\/\/www.sudoestehoje.com.br\/novoportal\/?p=78283"},"modified":"2019-02-15T19:56:57","modified_gmt":"2019-02-15T22:56:57","slug":"homem-morre-durante-endoscopia-e-corpo-e-deixado-no-sofa-da-casa-da-familia-pelo-samu-192","status":"publish","type":"post","link":"https:\/\/www.sudoestehoje.com.br\/novoportal\/2019\/02\/15\/homem-morre-durante-endoscopia-e-corpo-e-deixado-no-sofa-da-casa-da-familia-pelo-samu-192\/","title":{"rendered":"HOMEM MORRE DURANTE ENDOSCOPIA E CORPO \u00c9 DEIXADO NO SOF\u00c1 DA CASA DA FAM\u00cdLIA PELO SAMU-192"},"content":{"rendered":"<p><a href=\"http:\/\/www.sudoestehoje.com.br\/novoportal\/wp-content\/uploads\/2019\/02\/endoscopia2-1.jpg\"><img loading=\"lazy\" decoding=\"async\" class=\"aligncenter size-medium wp-image-78285\" src=\"http:\/\/www.sudoestehoje.com.br\/novoportal\/wp-content\/uploads\/2019\/02\/endoscopia2-1-500x321.jpg\" alt=\"\" width=\"500\" height=\"321\" srcset=\"https:\/\/www.sudoestehoje.com.br\/novoportal\/wp-content\/uploads\/2019\/02\/endoscopia2-1-500x321.jpg 500w, https:\/\/www.sudoestehoje.com.br\/novoportal\/wp-content\/uploads\/2019\/02\/endoscopia2-1.jpg 560w\" sizes=\"auto, (max-width: 500px) 100vw, 500px\" \/><\/a><\/p>\n<p>Um homem de 51 anos morreu ap\u00f3s passar mal durante uma endoscopia realizada em uma cl\u00ednica particular da cidade de Feira de Santana (BA). As informa\u00e7\u00f5es s\u00e3o da Tv Suba\u00e9.<\/p>\n<p>De acordo com a apura\u00e7\u00e3o da TV, ap\u00f3s o a constata\u00e7\u00e3o do \u00f3bito, o corpo de Edilberto Lopes Batista foi levado para a casa da fam\u00edlia pelo Servi\u00e7o M\u00f3vel de Urg\u00eancia (Samu) e foi deixado no sof\u00e1. A equipe havia sido acionada pela cl\u00ednica para prestar socorrido ao homem.<\/p>\n<p>Em entrevista \u00e0 TV Suba\u00e9, a fam\u00edlia de Edilberto relatou que o homem faleceu por volta das 11h desta quarta-feira (13), no Instituto de Doen\u00e7as do Aparelho Digestivo (Idad). Ele realizada uma endoscopia por conta de dores no est\u00f4mago quando se sentiu mal.<\/p>\n<p>Em seguida, a cl\u00ednica acionou a Samu mas, quando a equipe chegou o local, foi constatada a morte do paciente. Em seguida, o corpo foi levado para\u00a0 a casa da fam\u00edlia.<\/p>\n<p>&#8220;O Samu j\u00e1 deixou o corpo dentro da resid\u00eancia sem comunicar a ningu\u00e9m. Largou l\u00e1 como se fosse um indigente, como se n\u00e3o existisse familiar. E mandou que a fam\u00edlia fosse buscar um atestado de \u00f3bito l\u00e1 no Samu&#8221;, contou Jodailton de Almeida, cunhado de Edilberto, durante entrevista \u00e0 Tv Suba\u00e9.<\/p>\n<p>Os familiares do homem acionaram a pol\u00edcia para esclarecer o corrido e uma equipe do Departamento de Pol\u00edcia T\u00e9cnica (DPT) de Feira de Santana esteve na casa para remover o corpo do paciente. Ele foi enterrado nesta quinta-feira (14). O caso est\u00e1 sendo investigado pela 2\u00ba Delegacia da cidade.<\/p>\n<p>\u00c0 reportagem, os familiares afirmaram que Edilberto n\u00e3o sofria de nenhum problema de sa\u00fade e ainda est\u00e3o tentado entender o que realmente aconteceu. Segundo eles, nenhuma explica\u00e7\u00e3o foi dada pela cl\u00ednica e nem pela Samu.<\/p>\n<p>&#8220;Prestamos queixa e vamos correr atr\u00e1s, vamos lutar por aquilo que fizeram com o corpo de meu irm\u00e3o&#8221;, disse Miguel Arcanjo Batista, irm\u00e3o de Edilberto.<\/p>\n","protected":false},"excerpt":{"rendered":"<p>Um homem de 51 anos morreu ap\u00f3s passar mal durante uma endoscopia realizada em uma cl\u00ednica particular da cidade de Feira de Santana (BA). As informa\u00e7\u00f5es s\u00e3o da Tv Suba\u00e9. De acordo com a apura\u00e7\u00e3o da TV, ap\u00f3s o a constata\u00e7\u00e3o do \u00f3bito, o corpo de Edilberto Lopes Batista foi levado para a casa da [&hellip;]<\/p>\n","protected":false},"author":2,"featured_media":78284,"comment_status":"open","ping_status":"open","sticky":false,"template":"","format":"standard","meta":{"footnotes":"","_links_to":"","_links_to_target":""},"categories":[1],"tags":[],"class_list":["post-78283","post","type-post","status-publish","format-standard","has-post-thumbnail","hentry","category-geral"],"views":5392,"_links":{"self":[{"href":"https:\/\/www.sudoestehoje.com.br\/novoportal\/wp-json\/wp\/v2\/posts\/78283","targetHints":{"allow":["GET"]}}],"collection":[{"href":"https:\/\/www.sudoestehoje.com.br\/novoportal\/wp-json\/wp\/v2\/posts"}],"about":[{"href":"https:\/\/www.sudoestehoje.com.br\/novoportal\/wp-json\/wp\/v2\/types\/post"}],"author":[{"embeddable":true,"href":"https:\/\/www.sudoestehoje.com.br\/novoportal\/wp-json\/wp\/v2\/users\/2"}],"replies":[{"embeddable":true,"href":"https:\/\/www.sudoestehoje.com.br\/novoportal\/wp-json\/wp\/v2\/comments?post=78283"}],"version-history":[{"count":3,"href":"https:\/\/www.sudoestehoje.com.br\/novoportal\/wp-json\/wp\/v2\/posts\/78283\/revisions"}],"predecessor-version":[{"id":78288,"href":"https:\/\/www.sudoestehoje.com.br\/novoportal\/wp-json\/wp\/v2\/posts\/78283\/revisions\/78288"}],"wp:featuredmedia":[{"embeddable":true,"href":"https:\/\/www.sudoestehoje.com.br\/novoportal\/wp-json\/wp\/v2\/media\/78284"}],"wp:attachment":[{"href":"https:\/\/www.sudoestehoje.com.br\/novoportal\/wp-json\/wp\/v2\/media?parent=78283"}],"wp:term":[{"taxonomy":"category","embeddable":true,"href":"https:\/\/www.sudoestehoje.com.br\/novoportal\/wp-json\/wp\/v2\/categories?post=78283"},{"taxonomy":"post_tag","embeddable":true,"href":"https:\/\/www.sudoestehoje.com.br\/novoportal\/wp-json\/wp\/v2\/tags?post=78283"}],"curies":[{"name":"wp","href":"https:\/\/api.w.org\/{rel}","templated":true}]}}