
{"id":7828,"date":"2011-08-24T06:49:54","date_gmt":"2011-08-24T09:49:54","guid":{"rendered":"http:\/\/www.sudoestehoje.com.br\/novoportal\/?p=7828"},"modified":"2011-08-24T06:49:54","modified_gmt":"2011-08-24T09:49:54","slug":"salvador-e-a-2%c2%aa-capital-menos-religiosa-do-pais","status":"publish","type":"post","link":"https:\/\/www.sudoestehoje.com.br\/novoportal\/2011\/08\/24\/salvador-e-a-2%c2%aa-capital-menos-religiosa-do-pais\/","title":{"rendered":"SALVADOR \u00c9 A 2\u00aa CAPITAL MENOS RELIGIOSA DO PA\u00cdS"},"content":{"rendered":"<p style=\"text-align: center;\"><em><img decoding=\"async\" class=\"aligncenter\" src=\"http:\/\/www.bahianoticias.com.br\/fotos\/editor\/Image\/FOTOS%20NOVAS\/religioes_em_salvador_2011_infografico_bahianoticias_380x280.jpg\" alt=\"\" \/><\/em><br \/>\n<em><strong>Embora sejam maioria,\u00a0Salvador \u00e9 apenas a 24\u00aa capital em propor\u00e7\u00e3o de cat\u00f3licos<\/strong><\/em><\/p>\n<p>A cidade de Salvador surpreendeu em pesquisa sobre religiosidade realizada pela Funda\u00e7\u00e3o Get\u00falio Vargas (FGV) e apareceu como a segunda do pa\u00eds em n\u00famero de pessoas que se dizem sem religi\u00e3o. Os dados divulgados pela FGV nesta ter\u00e7a-feira (22) mostraram que a capital baiana s\u00f3 perde para Boa Vista (RR). Ao todo, 17,07% dos entrevistados soteropolitanos\u00a0 disseram n\u00e3o pertencer a nenhum grupo religioso. Ao mesmo tempo, mesmo banhada pela Ba\u00eda de Todos-os-Santos e com o marco de possuir 365 igrejas, a cidade de forte heran\u00e7a cat\u00f3lica \u00e9 apenas a 24\u00aa em n\u00famero de praticantes desta religi\u00e3o dentre as 27 capitais.<\/p>\n<p>Para o historiador e diretor da Funda\u00e7\u00e3o Pedro Calmon (FPC), Ubiratan Castro, os dados\u00a0atestam a caracter\u00edstica profana dos soteropolitanos. \u201c\u00c9 bem poss\u00edvel mesmo que o povo menos religioso seja o de Salvador. Isso aqui sempre foi uma cidade com uma popula\u00e7\u00e3o mais ligada aos prazeres da carne. N\u00e3o \u00e9 nem o ate\u00edsmo, \u00e9 a irreligi\u00e3o. Pode ter 500 igrejas, a galera prefere beber cerveja\u201d, declarou. J\u00e1 o antrop\u00f3logo Roberto Albergaria destacou tamb\u00e9m\u00a0que a pesquisa taxa como \u201csem religi\u00e3o\u201d, mas os n\u00fameros tamb\u00e9m\u00a0podem significar\u00a0\u201csem religi\u00e3o definida\u201d.<\/p>\n<p>Ele aponta a altern\u00e2ncia de credos como marca do povo local. \u201cO que caracteriza a Bahia \u00e9 essa multiplicidade de credos, essa volubilidade baiana. O pessoal do candombl\u00e9 manda rezar missa tamb\u00e9m. O baiano alterna seus credos como troca de cueca no ver\u00e3o. No fundo, o baiano \u00e9 cat\u00f3lico por tradi\u00e7\u00e3o, \u00e9 esp\u00edrita por desespero, \u00e9 candomblista por ostenta\u00e7\u00e3o cultural e ele passa a se tornar cada vez mais evang\u00e9lico por amor ao dinheiro\u201d, polemizou. BN<\/p>\n","protected":false},"excerpt":{"rendered":"<p>Embora sejam maioria,\u00a0Salvador \u00e9 apenas a 24\u00aa capital em propor\u00e7\u00e3o de cat\u00f3licos A cidade de Salvador surpreendeu em pesquisa sobre religiosidade realizada pela Funda\u00e7\u00e3o Get\u00falio Vargas (FGV) e apareceu como a segunda do pa\u00eds em n\u00famero de pessoas que se dizem sem religi\u00e3o. Os dados divulgados pela FGV nesta ter\u00e7a-feira (22) mostraram que a capital [&hellip;]<\/p>\n","protected":false},"author":2,"featured_media":0,"comment_status":"open","ping_status":"open","sticky":false,"template":"","format":"standard","meta":{"footnotes":"","_links_to":"","_links_to_target":""},"categories":[1],"tags":[],"class_list":["post-7828","post","type-post","status-publish","format-standard","hentry","category-geral"],"views":2370,"_links":{"self":[{"href":"https:\/\/www.sudoestehoje.com.br\/novoportal\/wp-json\/wp\/v2\/posts\/7828","targetHints":{"allow":["GET"]}}],"collection":[{"href":"https:\/\/www.sudoestehoje.com.br\/novoportal\/wp-json\/wp\/v2\/posts"}],"about":[{"href":"https:\/\/www.sudoestehoje.com.br\/novoportal\/wp-json\/wp\/v2\/types\/post"}],"author":[{"embeddable":true,"href":"https:\/\/www.sudoestehoje.com.br\/novoportal\/wp-json\/wp\/v2\/users\/2"}],"replies":[{"embeddable":true,"href":"https:\/\/www.sudoestehoje.com.br\/novoportal\/wp-json\/wp\/v2\/comments?post=7828"}],"version-history":[{"count":3,"href":"https:\/\/www.sudoestehoje.com.br\/novoportal\/wp-json\/wp\/v2\/posts\/7828\/revisions"}],"predecessor-version":[{"id":7836,"href":"https:\/\/www.sudoestehoje.com.br\/novoportal\/wp-json\/wp\/v2\/posts\/7828\/revisions\/7836"}],"wp:attachment":[{"href":"https:\/\/www.sudoestehoje.com.br\/novoportal\/wp-json\/wp\/v2\/media?parent=7828"}],"wp:term":[{"taxonomy":"category","embeddable":true,"href":"https:\/\/www.sudoestehoje.com.br\/novoportal\/wp-json\/wp\/v2\/categories?post=7828"},{"taxonomy":"post_tag","embeddable":true,"href":"https:\/\/www.sudoestehoje.com.br\/novoportal\/wp-json\/wp\/v2\/tags?post=7828"}],"curies":[{"name":"wp","href":"https:\/\/api.w.org\/{rel}","templated":true}]}}