
{"id":78279,"date":"2019-02-15T19:31:42","date_gmt":"2019-02-15T22:31:42","guid":{"rendered":"http:\/\/www.sudoestehoje.com.br\/novoportal\/?p=78279"},"modified":"2019-02-15T19:57:30","modified_gmt":"2019-02-15T22:57:30","slug":"itapetinga-contas-rejeitadas-do-ex-prefeito-ze-carlos-devem-ser-julgadas-pela-camara-no-2o-semestre-de-2019","status":"publish","type":"post","link":"https:\/\/www.sudoestehoje.com.br\/novoportal\/2019\/02\/15\/itapetinga-contas-rejeitadas-do-ex-prefeito-ze-carlos-devem-ser-julgadas-pela-camara-no-2o-semestre-de-2019\/","title":{"rendered":"ITAPETINGA: CONTAS REJEITADAS DO EX-PREFEITO Z\u00c9 CARLOS DEVEM SER JULGADAS PELA C\u00c2MARA NO 2\u00ba SEMESTRE DE 2019"},"content":{"rendered":"<p><a href=\"http:\/\/www.sudoestehoje.com.br\/novoportal\/wp-content\/uploads\/2019\/02\/Z-C-500x334.jpg\"><img loading=\"lazy\" decoding=\"async\" class=\"aligncenter size-medium wp-image-78281\" src=\"http:\/\/www.sudoestehoje.com.br\/novoportal\/wp-content\/uploads\/2019\/02\/Z-C-500x334-500x334.jpg\" alt=\"\" width=\"500\" height=\"334\" \/><\/a><\/p>\n<p>O Plen\u00e1rio do STF decidiu, no final de 2016, que \u00e9 exclusivamente da C\u00e2mara Municipal a compet\u00eancia para julgar as contas as contas de gest\u00e3o dos prefeitos, cabendo ao Tribunal de Contas dos Munic\u00edpios auxiliar o Poder Legislativo municipal, emitindo parecer pr\u00e9vio e opinativo, que somente poder\u00e1 ser derrubado por decis\u00e3o de 2\/3 dos vereadores.<\/p>\n<p>Nas an\u00e1lises das contas do ex-gestor de Itapetinga,<strong> Jos\u00e9 Carlos Moura (PT)<\/strong>, o TCM-BA, emitiu Parecer Pr\u00e9vio pela <strong>REJEI\u00c7\u00c3O<\/strong> das contas relativas aos exerc\u00edcios de <strong>2011, 2013, 2014, 2015 e 2016<\/strong>, algumas delas encaminhadas ao Minist\u00e9rio P\u00fablico para apurar atos de Improbidade Administrativa, o que resultou em in\u00fameros processos no Tribunal de Justi\u00e7a da Bahia, sendo que em um deles Z\u00e9 Carlos j\u00e1 teria sido declarado <strong>INELEG\u00cdVEL<\/strong>, pelo per\u00edodo de 8 anos.<\/p>\n<p>No cumprimento do seu dever de legislar com efici\u00eancia e no cumprimento da lei, a C\u00e2mara de Vereadores de Itapetinga dever\u00e1 colocar em pauta para julgamento, as cinco contas de Z\u00e9 Carlos rejeitadas pelo TCM, o que dever\u00e1 ocorrer no 2\u00ba semestre deste ano de 2019, vez que 2020 \u00e9 ano eleitoral e o tempo para esse tipo de procedimento ser\u00e1 ex\u00edguo.<\/p>\n<p>Caso o ex-gestor n\u00e3o consiga o qu\u00f3rum legal de 2\/3 (10 vereadores) para derrubar os cinco pareceres do TCM, ficar\u00e1 definitivamente foras da pol\u00edtica.Por enquanto, o ex-prefeito n\u00e3o conta com um vereador sequer, vez que sua antiga bancada tomou outros rumos.<\/p>\n<p><strong><em>Por Davi Ferraz<\/em><\/strong><\/p>\n","protected":false},"excerpt":{"rendered":"<p>O Plen\u00e1rio do STF decidiu, no final de 2016, que \u00e9 exclusivamente da C\u00e2mara Municipal a compet\u00eancia para julgar as contas as contas de gest\u00e3o dos prefeitos, cabendo ao Tribunal de Contas dos Munic\u00edpios auxiliar o Poder Legislativo municipal, emitindo parecer pr\u00e9vio e opinativo, que somente poder\u00e1 ser derrubado por decis\u00e3o de 2\/3 dos vereadores. [&hellip;]<\/p>\n","protected":false},"author":2,"featured_media":78281,"comment_status":"open","ping_status":"open","sticky":false,"template":"","format":"standard","meta":{"footnotes":"","_links_to":"","_links_to_target":""},"categories":[1],"tags":[],"class_list":["post-78279","post","type-post","status-publish","format-standard","has-post-thumbnail","hentry","category-geral"],"views":1201,"_links":{"self":[{"href":"https:\/\/www.sudoestehoje.com.br\/novoportal\/wp-json\/wp\/v2\/posts\/78279","targetHints":{"allow":["GET"]}}],"collection":[{"href":"https:\/\/www.sudoestehoje.com.br\/novoportal\/wp-json\/wp\/v2\/posts"}],"about":[{"href":"https:\/\/www.sudoestehoje.com.br\/novoportal\/wp-json\/wp\/v2\/types\/post"}],"author":[{"embeddable":true,"href":"https:\/\/www.sudoestehoje.com.br\/novoportal\/wp-json\/wp\/v2\/users\/2"}],"replies":[{"embeddable":true,"href":"https:\/\/www.sudoestehoje.com.br\/novoportal\/wp-json\/wp\/v2\/comments?post=78279"}],"version-history":[{"count":3,"href":"https:\/\/www.sudoestehoje.com.br\/novoportal\/wp-json\/wp\/v2\/posts\/78279\/revisions"}],"predecessor-version":[{"id":78289,"href":"https:\/\/www.sudoestehoje.com.br\/novoportal\/wp-json\/wp\/v2\/posts\/78279\/revisions\/78289"}],"wp:featuredmedia":[{"embeddable":true,"href":"https:\/\/www.sudoestehoje.com.br\/novoportal\/wp-json\/wp\/v2\/media\/78281"}],"wp:attachment":[{"href":"https:\/\/www.sudoestehoje.com.br\/novoportal\/wp-json\/wp\/v2\/media?parent=78279"}],"wp:term":[{"taxonomy":"category","embeddable":true,"href":"https:\/\/www.sudoestehoje.com.br\/novoportal\/wp-json\/wp\/v2\/categories?post=78279"},{"taxonomy":"post_tag","embeddable":true,"href":"https:\/\/www.sudoestehoje.com.br\/novoportal\/wp-json\/wp\/v2\/tags?post=78279"}],"curies":[{"name":"wp","href":"https:\/\/api.w.org\/{rel}","templated":true}]}}