
{"id":78246,"date":"2019-02-13T21:09:04","date_gmt":"2019-02-14T00:09:04","guid":{"rendered":"http:\/\/www.sudoestehoje.com.br\/novoportal\/?p=78246"},"modified":"2019-02-13T21:09:04","modified_gmt":"2019-02-14T00:09:04","slug":"advogado-que-agrediu-policial-se-apresenta-e-conta-sua-versao-veja-video","status":"publish","type":"post","link":"https:\/\/www.sudoestehoje.com.br\/novoportal\/2019\/02\/13\/advogado-que-agrediu-policial-se-apresenta-e-conta-sua-versao-veja-video\/","title":{"rendered":"ADVOGADO QUE AGREDIU POLICIAL SE APRESENTA E CONTA SUA VERS\u00c3O; VEJA V\u00cdDEO"},"content":{"rendered":"<p><a href=\"http:\/\/www.sudoestehoje.com.br\/novoportal\/wp-content\/uploads\/2019\/02\/adv.jpg\"><img loading=\"lazy\" decoding=\"async\" class=\"aligncenter size-medium wp-image-78247\" src=\"http:\/\/www.sudoestehoje.com.br\/novoportal\/wp-content\/uploads\/2019\/02\/adv-500x369.jpg\" alt=\"\" width=\"500\" height=\"369\" srcset=\"https:\/\/www.sudoestehoje.com.br\/novoportal\/wp-content\/uploads\/2019\/02\/adv-500x369.jpg 500w, https:\/\/www.sudoestehoje.com.br\/novoportal\/wp-content\/uploads\/2019\/02\/adv.jpg 640w\" sizes=\"auto, (max-width: 500px) 100vw, 500px\" \/><\/a><\/p>\n<p>O advogado Orlando Assis, que foi flagrado agredindo o policial civil S\u00e9rgio Roberto Souza Oliveira no \u00faltimo dia 10 em Feira de Santana, se entregou \u00e0 Justi\u00e7a nesta quarta-feira (13).<\/p>\n<p>Em um novo v\u00eddeo publicado pelo site Boca de Zero 9, o acusado, que chegou ao f\u00f3rum da cidade acompanhado de um advogado, falou que n\u00e3o teve a inten\u00e7\u00e3o de cometer o crime e detalhou sua vers\u00e3o da hist\u00f3ria em entrevista coletiva. <em><strong>VEJA V\u00cdDEO:<\/strong><\/em><\/p>\n<p>https:\/\/www.facebook.com\/Bocaonews\/videos\/496917520839696\/<\/p>\n","protected":false},"excerpt":{"rendered":"<p>O advogado Orlando Assis, que foi flagrado agredindo o policial civil S\u00e9rgio Roberto Souza Oliveira no \u00faltimo dia 10 em Feira de Santana, se entregou \u00e0 Justi\u00e7a nesta quarta-feira (13). Em um novo v\u00eddeo publicado pelo site Boca de Zero 9, o acusado, que chegou ao f\u00f3rum da cidade acompanhado de um advogado, falou que [&hellip;]<\/p>\n","protected":false},"author":2,"featured_media":78247,"comment_status":"open","ping_status":"open","sticky":false,"template":"","format":"standard","meta":{"footnotes":"","_links_to":"","_links_to_target":""},"categories":[1],"tags":[],"class_list":["post-78246","post","type-post","status-publish","format-standard","has-post-thumbnail","hentry","category-geral"],"views":1007,"_links":{"self":[{"href":"https:\/\/www.sudoestehoje.com.br\/novoportal\/wp-json\/wp\/v2\/posts\/78246","targetHints":{"allow":["GET"]}}],"collection":[{"href":"https:\/\/www.sudoestehoje.com.br\/novoportal\/wp-json\/wp\/v2\/posts"}],"about":[{"href":"https:\/\/www.sudoestehoje.com.br\/novoportal\/wp-json\/wp\/v2\/types\/post"}],"author":[{"embeddable":true,"href":"https:\/\/www.sudoestehoje.com.br\/novoportal\/wp-json\/wp\/v2\/users\/2"}],"replies":[{"embeddable":true,"href":"https:\/\/www.sudoestehoje.com.br\/novoportal\/wp-json\/wp\/v2\/comments?post=78246"}],"version-history":[{"count":1,"href":"https:\/\/www.sudoestehoje.com.br\/novoportal\/wp-json\/wp\/v2\/posts\/78246\/revisions"}],"predecessor-version":[{"id":78248,"href":"https:\/\/www.sudoestehoje.com.br\/novoportal\/wp-json\/wp\/v2\/posts\/78246\/revisions\/78248"}],"wp:featuredmedia":[{"embeddable":true,"href":"https:\/\/www.sudoestehoje.com.br\/novoportal\/wp-json\/wp\/v2\/media\/78247"}],"wp:attachment":[{"href":"https:\/\/www.sudoestehoje.com.br\/novoportal\/wp-json\/wp\/v2\/media?parent=78246"}],"wp:term":[{"taxonomy":"category","embeddable":true,"href":"https:\/\/www.sudoestehoje.com.br\/novoportal\/wp-json\/wp\/v2\/categories?post=78246"},{"taxonomy":"post_tag","embeddable":true,"href":"https:\/\/www.sudoestehoje.com.br\/novoportal\/wp-json\/wp\/v2\/tags?post=78246"}],"curies":[{"name":"wp","href":"https:\/\/api.w.org\/{rel}","templated":true}]}}