
{"id":78235,"date":"2019-02-13T14:06:58","date_gmt":"2019-02-13T17:06:58","guid":{"rendered":"http:\/\/www.sudoestehoje.com.br\/novoportal\/?p=78235"},"modified":"2019-02-13T14:06:58","modified_gmt":"2019-02-13T17:06:58","slug":"presidente-bolsonaro-recebe-alta-em-sao-paulo-e-segue-para-brasilia","status":"publish","type":"post","link":"https:\/\/www.sudoestehoje.com.br\/novoportal\/2019\/02\/13\/presidente-bolsonaro-recebe-alta-em-sao-paulo-e-segue-para-brasilia\/","title":{"rendered":"PRESIDENTE BOLSONARO RECEBE ALTA EM S\u00c3O PAULO E SEGUE PARA BRAS\u00cdLIA"},"content":{"rendered":"<div class=\"article-paragraph\">\n<p><a href=\"http:\/\/www.sudoestehoje.com.br\/novoportal\/wp-content\/uploads\/2019\/02\/bolsonaro-sp-3.jpg\"><img loading=\"lazy\" decoding=\"async\" class=\"aligncenter size-medium wp-image-78236\" src=\"http:\/\/www.sudoestehoje.com.br\/novoportal\/wp-content\/uploads\/2019\/02\/bolsonaro-sp-3-500x333.jpg\" alt=\"\" width=\"500\" height=\"333\" srcset=\"https:\/\/www.sudoestehoje.com.br\/novoportal\/wp-content\/uploads\/2019\/02\/bolsonaro-sp-3-500x333.jpg 500w, https:\/\/www.sudoestehoje.com.br\/novoportal\/wp-content\/uploads\/2019\/02\/bolsonaro-sp-3-700x467.jpg 700w, https:\/\/www.sudoestehoje.com.br\/novoportal\/wp-content\/uploads\/2019\/02\/bolsonaro-sp-3.jpg 750w\" sizes=\"auto, (max-width: 500px) 100vw, 500px\" \/><\/a><\/p>\n<p>O \u00a0presidente\u00a0<strong>Jair Bolsonaro\u00a0<\/strong>\u00a0recebeu alta do Hospital Albert Einstein, em S\u00e3o Paulo, por volta do meio-dia desta quarta-feira (13). \u00a0Da institui\u00e7\u00e3o, Bolsonaro seguiu diretamente para o aeroporto de Congonhas, na zona sul de S\u00e3o Paulo, de onde embarcar\u00e1 para Bras\u00edlia.<\/p>\n<\/div>\n<div class=\"article-paragraph\">\n<p>\u00a0O presidente estava<strong>\u00a0<\/strong>internado desde o dia 27 de janeiro, ap\u00f3s passar por cirurgia para retirada de uma bolsa de colostomia. Foram 17 dias de interna\u00e7\u00e3o.<\/p>\n<div class=\"article-paragraph\">\n<p>Segundo o porta-voz da presid\u00eancia da Rep\u00fablica, general R\u00eago Barros,\u00a0assim que chegar a Bras\u00edlia, Bolsonaro permanecer\u00e1 no Pal\u00e1cio da Alvorada, a resid\u00eancia oficial, sem previs\u00e3o de compromissos p\u00fablicos.<\/p>\n<\/div>\n<div class=\"article-paragraph\">\n<p>\u2013 Os m\u00e9dicos recomendaram que ele permane\u00e7a em descanso e fa\u00e7a esta auto avalia\u00e7\u00e3o sobre receber ministros \u2013 esclareceu o porta-voz.<\/p>\n<\/div>\n<\/div>\n","protected":false},"excerpt":{"rendered":"<p>O \u00a0presidente\u00a0Jair Bolsonaro\u00a0\u00a0recebeu alta do Hospital Albert Einstein, em S\u00e3o Paulo, por volta do meio-dia desta quarta-feira (13). \u00a0Da institui\u00e7\u00e3o, Bolsonaro seguiu diretamente para o aeroporto de Congonhas, na zona sul de S\u00e3o Paulo, de onde embarcar\u00e1 para Bras\u00edlia. \u00a0O presidente estava\u00a0internado desde o dia 27 de janeiro, ap\u00f3s passar por cirurgia para retirada de [&hellip;]<\/p>\n","protected":false},"author":2,"featured_media":78236,"comment_status":"open","ping_status":"open","sticky":false,"template":"","format":"standard","meta":{"footnotes":"","_links_to":"","_links_to_target":""},"categories":[1],"tags":[],"class_list":["post-78235","post","type-post","status-publish","format-standard","has-post-thumbnail","hentry","category-geral"],"views":905,"_links":{"self":[{"href":"https:\/\/www.sudoestehoje.com.br\/novoportal\/wp-json\/wp\/v2\/posts\/78235","targetHints":{"allow":["GET"]}}],"collection":[{"href":"https:\/\/www.sudoestehoje.com.br\/novoportal\/wp-json\/wp\/v2\/posts"}],"about":[{"href":"https:\/\/www.sudoestehoje.com.br\/novoportal\/wp-json\/wp\/v2\/types\/post"}],"author":[{"embeddable":true,"href":"https:\/\/www.sudoestehoje.com.br\/novoportal\/wp-json\/wp\/v2\/users\/2"}],"replies":[{"embeddable":true,"href":"https:\/\/www.sudoestehoje.com.br\/novoportal\/wp-json\/wp\/v2\/comments?post=78235"}],"version-history":[{"count":1,"href":"https:\/\/www.sudoestehoje.com.br\/novoportal\/wp-json\/wp\/v2\/posts\/78235\/revisions"}],"predecessor-version":[{"id":78237,"href":"https:\/\/www.sudoestehoje.com.br\/novoportal\/wp-json\/wp\/v2\/posts\/78235\/revisions\/78237"}],"wp:featuredmedia":[{"embeddable":true,"href":"https:\/\/www.sudoestehoje.com.br\/novoportal\/wp-json\/wp\/v2\/media\/78236"}],"wp:attachment":[{"href":"https:\/\/www.sudoestehoje.com.br\/novoportal\/wp-json\/wp\/v2\/media?parent=78235"}],"wp:term":[{"taxonomy":"category","embeddable":true,"href":"https:\/\/www.sudoestehoje.com.br\/novoportal\/wp-json\/wp\/v2\/categories?post=78235"},{"taxonomy":"post_tag","embeddable":true,"href":"https:\/\/www.sudoestehoje.com.br\/novoportal\/wp-json\/wp\/v2\/tags?post=78235"}],"curies":[{"name":"wp","href":"https:\/\/api.w.org\/{rel}","templated":true}]}}